{"id":9049,"date":"2018-08-07T07:04:32","date_gmt":"2018-08-07T06:04:32","guid":{"rendered":"http:\/\/www.xalps.com\/lex\/?p=9049"},"modified":"2018-09-15T06:53:04","modified_gmt":"2018-09-15T05:53:04","slug":"fazit2018","status":"publish","type":"post","link":"https:\/\/www.xalps.com\/lex\/fazit2018\/","title":{"rendered":"Bildberichte der heimischen XC-Saison online und Saison-Fazit"},"content":{"rendered":"<div class=\"wpb-content-wrapper\"><div class=\"vc_row wpb_row vc_row-fluid\"><div class=\"wpb_column vc_column_container vc_col-sm-12\"><div class=\"vc_column-inner\"><div class=\"wpb_wrapper\"><div id=\"ts-advanced-textblock-container-6235963\" class=\"ts-advanced-textblock-container    \" data-viewport-class=\"ts-infinite-css-\" data-viewport-offset=\"bottom-in-view\" data-viewport-delay=\"0\" data-viewport-opacity=\"1\" data-viewport-mobile=\"false\" data-shadow-active=\"false\" data-shadow-class=\"\"  data-height-type=\"auto\" data-height-fixed=\"200\" data-height-minimum=\"200\" data-height-maximum=\"200\"><div id=\"ts-advanced-textblock-content-6235963\" class=\"ts-advanced-textblock-content\" data-scroll-nice=\"false\" data-scroll-color=\"#cacaca\" data-scroll-background=\"#ededed\" data-scroll-init=\"false\">Es hatte schon den Anschein, als w\u00e4re die heurige Streckenflug-Saison in den Ostalpen komplett abzuschreiben. So vielversprechend der April auch begann, so sehr lie\u00dfen sich Mai bis Juli bitten. Speziell an der Nordseite war es entweder zu labil mit Nachmittagsgewittern &#8211; und blieb&#8217;s mal trocken, hatte es mehr als 20km\/h Wind &#8211; nicht geeignet f\u00fcr gro\u00dfe Fl\u00fcge und zumeist net lustig&#8230; goa net&#8230;<br \/>\nZum Gl\u00fcck hab ich heuer durch die Wettkampffliegerei ein paar super nette Fl\u00fcge &#8222;dazugewonnen&#8220;, sonst w\u00e4re das 2018er-Fazit ziemlich tr\u00fcb ausgefallen.<br \/>\nDabei schaute es immer gut aus &#8211; &#8222;in 5 Tagen&#8220;. Je n\u00e4her jedoch dieser vermeintlich gute Tag kommt, desto eher verschiebt er sich wieder auf den 5. Tag?!?<br \/>\nDoch speziell gegen Saisonende hin, zeigte der Sommer doch noch, dass er trotz (oder gerade wegen?) der Hitzewelle noch einige gute Flugwetterlagen herzugeben bereit war. Speziell war die Erkenntnis heuer, dass des bei durchaus relevantem Nordwind dennoch m\u00f6glich ist, gro\u00dfe Dreiecke zu fliegen. Dass man bei Nordlagen eher auf die Alpens\u00fcdseite f\u00e4hrt, ist ja schon eine alte Fliegerweisheit, dass es aber auch auf der Nordseite mit gro\u00dfen FAIs klappen kann, h\u00e4tte wohl vor einigen Jahren noch so keiner sich vorstellen k\u00f6nnen, geschweige denn probieren wollen: Stichwort &#8222;Waschk\u00fcche&#8220;. MMn sind diese Strecken nicht nur der besseren Gebietskenntnis, sondern zu einem guten Teil auch den immer noch besser werdenden, bockstabilen Zweileinern zuzuschreiben, die &#8211; f\u00fcr Dreileinerflieger fast schon unvorstellbar &#8211; gut die Turbulenzen absorbieren.<br \/>\nAlso aus der Nordwind-Not eine Tugend zu machen klappte heuer zwar ganz gut. Dennoch bleibt die Hoffnung, dass 2019 das Jahr der sch\u00f6nen Stoder-Windlagen wird: umlaufend von S\u00fcdost bis West &#8211; w\u00e4hrend des Tagesgangs im Uhrzeigersinn bitte sehr! Schlie\u00dflich gilt es noch immer die 300er-Marke vom sch\u00f6nen Ennstal aus zu pulverisieren&#8230; \ud83d\ude42<\/p>\n<h3>Die weitesten Fl\u00fcge in der Retrospektive:<\/h3>\n<\/div><\/div><div class=\"vc_separator wpb_content_element vc_separator_align_center vc_sep_width_100 vc_sep_shadow vc_sep_pos_align_center vc_separator_no_text vc_sep_color_grey wpb_content_element  wpb_content_element\" ><span class=\"vc_sep_holder vc_sep_holder_l\"><span class=\"vc_sep_line\"><\/span><\/span><span class=\"vc_sep_holder vc_sep_holder_r\"><span class=\"vc_sep_line\"><\/span><\/span>\n<\/div><div id=\"ts-vcsc-image-gallery-1276778\" class=\"ts-image-gallery-wrapper ts-kraut-lightbox-frame   \" data-style=\"flipster\" data-break-parents=\"6\" data-inline=\"false\" style=\"margin-top: 0px; margin-bottom: 0px; position: relative;\"><div id=\"krautgroup1276778-title\" class=\"ts-lightbox-nacho-title\">16.06.: 297km FAI-Dreieck von der Grente\/ITA<\/div><div id=\"ts-lightbox-gallery-flipster-main-1276778\" class=\"ts-lightbox-gallery-flipster-main\"><div class=\"ts-lightbox-gallery-flipster-preloader\" style=\"height: 300px; position: relative;\"><div id=\"ts-lightbox-gallery-flipster-preloader-1276778\" class=\" ts-preloader-animation-main ts-preloader-animation-1\"><span data-count=\"1\"><\/span><span data-count=\"2\"><\/span><span data-count=\"3\"><\/span><span data-count=\"4\"><\/span><span data-count=\"5\"><\/span><\/div><\/div><div id=\"ts-lightbox-gallery-flipster-wrapper-1276778\" class=\"ts-lightbox-gallery-flipster-wrapper ts-flipster-processing\" style=\"visibility: hidden; position: fixed; top: -99999px; left: -99999px;\"><ul id=\"ts-lightbox-gallery-flipster-holder-1276778\" class=\"ts-lightbox-gallery-flipster-holder\" data-preloader=\"true\" data-style=\"carousel\" data-maxwidth=\"450\" data-spacing=\"-45\" data-start=\"0\" data-loop=\"true\" data-grayout=\"false\" data-mirror=\"true\" data-arrows=\"true\" data-navigation=\"false\" data-click=\"true\" data-wheel=\"false\" data-touch=\"true\" data-keyboard=\"true\" data-autoplay=\"false\" data-speed=\"2000\"><li class=\"krautgrid-item kraut-lightbox-image \" data-category=\"\" style=\"max-width: 450px;\"><a id=\"krautgroup1276778-0\" href=\"https:\/\/www.xalps.com\/lex\/wp-content\/uploads\/2018\/06\/180616_Grente297_Lex_05.jpg\" target=\"_blank\" data-thumbnail=\"https:\/\/www.xalps.com\/lex\/wp-content\/uploads\/2018\/06\/180616_Grente297_Lex_05-300x172.jpg\" data-title=\"#5: Ein Teil der Grente-Gipfelstarter. Teilweise in Fahrgemeinschaften mit 6st\u00fcndiger Anfahrt f\u00fcr diesen einen Tag; aber der sollte es richtig lohnen...\" class=\"kraut-lightbox-media ts-hover-image krautgroup1276778 nofancybox\" rel=\"krautgroup1276778\" data-effect=\"random\" data-nohashes=\"true\" data-usecors=\"global\" data-save=\"0\" data-share=\"0\"><\/a><div id=\"krautgroup1276778-0-parent\" class=\"krautgroup1276778-parent  ts-flipster-tile\"><img decoding=\"async\" src=\"https:\/\/www.xalps.com\/lex\/wp-content\/uploads\/2018\/06\/180616_Grente297_Lex_05-300x172.jpg\" alt=\"180616_Grente297_Lex_05-300x172\" loading=\"eager\" data-no-lazy=\"1\"><div class=\"ts-flipster-title\">#5: Ein Teil der Grente-Gipfelstarter. Teilweise in Fahrgemeinschaften mit 6st\u00fcndiger Anfahrt f\u00fcr diesen einen Tag; aber der sollte es richtig lohnen...<\/div><\/div><\/li><li class=\"krautgrid-item kraut-lightbox-image \" data-category=\"\" style=\"max-width: 450px;\"><a id=\"krautgroup1276778-1\" href=\"https:\/\/www.xalps.com\/lex\/wp-content\/uploads\/2018\/06\/180616_Grente297_Lex_18.jpg\" target=\"_blank\" data-thumbnail=\"https:\/\/www.xalps.com\/lex\/wp-content\/uploads\/2018\/06\/180616_Grente297_Lex_18-300x156.jpg\" data-title=\"#18: \u00d6stlich des Gro\u00dfglockner-Grats stand ebenfalls eine einladende Wolkenstra\u00dfe, die nach kurzem Aufdrehen am Beginn...\" class=\"kraut-lightbox-media ts-hover-image krautgroup1276778 nofancybox\" rel=\"krautgroup1276778\" data-effect=\"random\" data-nohashes=\"true\" data-usecors=\"global\" data-save=\"0\" data-share=\"0\"><\/a><div id=\"krautgroup1276778-1-parent\" class=\"krautgroup1276778-parent  ts-flipster-tile\"><img decoding=\"async\" src=\"https:\/\/www.xalps.com\/lex\/wp-content\/uploads\/2018\/06\/180616_Grente297_Lex_18-300x156.jpg\" alt=\"180616_Grente297_Lex_18-300x156\" loading=\"eager\" data-no-lazy=\"1\"><div class=\"ts-flipster-title\">#18: \u00d6stlich des Gro\u00dfglockner-Grats stand ebenfalls eine einladende Wolkenstra\u00dfe, die nach kurzem Aufdrehen am Beginn...<\/div><\/div><\/li><li class=\"krautgrid-item kraut-lightbox-image \" data-category=\"\" style=\"max-width: 450px;\"><a id=\"krautgroup1276778-2\" href=\"https:\/\/www.xalps.com\/lex\/wp-content\/uploads\/2018\/06\/180616_Grente297_Lex_53.jpg\" target=\"_blank\" data-thumbnail=\"https:\/\/www.xalps.com\/lex\/wp-content\/uploads\/2018\/06\/180616_Grente297_Lex_53-300x105.jpg\" data-title=\"#53: Hier sch\u00f6n zu sehen, dass ich beim Abflug sogar bis auf Basish\u00f6he eines guten Bartes maximiert hatte. Half alles nix...\" class=\"kraut-lightbox-media ts-hover-image krautgroup1276778 nofancybox\" rel=\"krautgroup1276778\" data-effect=\"random\" data-nohashes=\"true\" data-usecors=\"global\" data-save=\"0\" data-share=\"0\"><\/a><div id=\"krautgroup1276778-2-parent\" class=\"krautgroup1276778-parent  ts-flipster-tile\"><img decoding=\"async\" src=\"https:\/\/www.xalps.com\/lex\/wp-content\/uploads\/2018\/06\/180616_Grente297_Lex_53-300x105.jpg\" alt=\"180616_Grente297_Lex_53-300x105\" loading=\"eager\" data-no-lazy=\"1\"><div class=\"ts-flipster-title\">#53: Hier sch\u00f6n zu sehen, dass ich beim Abflug sogar bis auf Basish\u00f6he eines guten Bartes maximiert hatte. Half alles nix...<\/div><\/div><\/li><li class=\"krautgrid-item kraut-lightbox-image \" data-category=\"\" style=\"max-width: 450px;\"><a id=\"krautgroup1276778-3\" href=\"https:\/\/www.xalps.com\/lex\/wp-content\/uploads\/2018\/06\/180616_Grente297_Lex_70.jpg\" target=\"_blank\" data-thumbnail=\"https:\/\/www.xalps.com\/lex\/wp-content\/uploads\/2018\/06\/180616_Grente297_Lex_70-300x77.jpg\" data-title=\"#70: Anflug in die Dolos - mit Hammerpanorama!\" class=\"kraut-lightbox-media ts-hover-image krautgroup1276778 nofancybox\" rel=\"krautgroup1276778\" data-effect=\"random\" data-nohashes=\"true\" data-usecors=\"global\" data-save=\"0\" data-share=\"0\"><\/a><div id=\"krautgroup1276778-3-parent\" class=\"krautgroup1276778-parent  ts-flipster-tile\"><img decoding=\"async\" src=\"https:\/\/www.xalps.com\/lex\/wp-content\/uploads\/2018\/06\/180616_Grente297_Lex_70-300x77.jpg\" alt=\"180616_Grente297_Lex_70-300x77\" loading=\"eager\" data-no-lazy=\"1\"><div class=\"ts-flipster-title\">#70: Anflug in die Dolos - mit Hammerpanorama!<\/div><\/div><\/li><li class=\"krautgrid-item kraut-lightbox-image \" data-category=\"\" style=\"max-width: 450px;\"><a id=\"krautgroup1276778-4\" href=\"https:\/\/www.xalps.com\/lex\/wp-content\/uploads\/2018\/06\/180616_Grente297_Lex_81.jpg\" target=\"_blank\" data-thumbnail=\"https:\/\/www.xalps.com\/lex\/wp-content\/uploads\/2018\/06\/180616_Grente297_Lex_81-300x186.jpg\" data-title=\"#81: Gewaltig, daran vorbeizugleiten...! 8-o\nUnd ich war nicht allein mit diesem Erlebnis des eindrucksvollen Wolkenslalom-Fliegens #2 (2 Piloten siehe Bildmitte, 1 rechts unten)\" class=\"kraut-lightbox-media ts-hover-image krautgroup1276778 nofancybox\" rel=\"krautgroup1276778\" data-effect=\"random\" data-nohashes=\"true\" data-usecors=\"global\" data-save=\"0\" data-share=\"0\"><\/a><div id=\"krautgroup1276778-4-parent\" class=\"krautgroup1276778-parent  ts-flipster-tile\"><img decoding=\"async\" src=\"https:\/\/www.xalps.com\/lex\/wp-content\/uploads\/2018\/06\/180616_Grente297_Lex_81-300x186.jpg\" alt=\"180616_Grente297_Lex_81-300x186\" loading=\"eager\" data-no-lazy=\"1\"><div class=\"ts-flipster-title\">#81: Gewaltig, daran vorbeizugleiten...! 8-o\nUnd ich war nicht allein mit diesem Erlebnis des eindrucksvollen Wolkenslalom-Fliegens #2 (2 Piloten siehe Bildmitte, 1 rechts unten)<\/div><\/div><\/li><li class=\"krautgrid-item kraut-lightbox-image \" data-category=\"\" style=\"max-width: 450px;\"><a id=\"krautgroup1276778-5\" href=\"https:\/\/www.xalps.com\/lex\/wp-content\/uploads\/2018\/06\/180616_Grente297_Lex_86.jpg\" target=\"_blank\" data-thumbnail=\"https:\/\/www.xalps.com\/lex\/wp-content\/uploads\/2018\/06\/180616_Grente297_Lex_86-300x200.jpg\" data-title=\"#86: Kurt in seinem stylischen ton-in-ton Equipment. Nicht nur optisch top, sondern auch flugtaktisch ist der local Hero mit allen Wassern gewaschen und kennt sein Gebiet wie seine eigene Westentasche!\" class=\"kraut-lightbox-media ts-hover-image krautgroup1276778 nofancybox\" rel=\"krautgroup1276778\" data-effect=\"random\" data-nohashes=\"true\" data-usecors=\"global\" data-save=\"0\" data-share=\"0\"><\/a><div id=\"krautgroup1276778-5-parent\" class=\"krautgroup1276778-parent  ts-flipster-tile\"><img decoding=\"async\" src=\"https:\/\/www.xalps.com\/lex\/wp-content\/uploads\/2018\/06\/180616_Grente297_Lex_86-300x200.jpg\" alt=\"180616_Grente297_Lex_86-300x200\" loading=\"eager\" data-no-lazy=\"1\"><div class=\"ts-flipster-title\">#86: Kurt in seinem stylischen ton-in-ton Equipment. Nicht nur optisch top, sondern auch flugtaktisch ist der local Hero mit allen Wassern gewaschen und kennt sein Gebiet wie seine eigene Westentasche!<\/div><\/div><\/li><li class=\"krautgrid-item kraut-lightbox-image \" data-category=\"\" style=\"max-width: 450px;\"><a id=\"krautgroup1276778-6\" href=\"https:\/\/www.xalps.com\/lex\/wp-content\/uploads\/2018\/06\/180616_Grente297_Lex_95.jpg\" target=\"_blank\" data-thumbnail=\"https:\/\/www.xalps.com\/lex\/wp-content\/uploads\/2018\/06\/180616_Grente297_Lex_95-207x300.jpg\" data-title=\"#95: Wieder mal geniale Runde mit meinem Zeno. Wer findet den Fehler im Ger\u00e4tesetup im Bild??\nDer erste Kommentar bekommt ein Bier spendiert! :-)\" class=\"kraut-lightbox-media ts-hover-image krautgroup1276778 nofancybox\" rel=\"krautgroup1276778\" data-effect=\"random\" data-usecors=\"global\" data-save=\"0\" data-share=\"0\" data-play=\"1\" data-play=\"1\" data-autoplay=\"0\" data-duration=\"5000\" data-thumbsize=\"120\" data-thumbs=\"bottom\"  data-nohashes=\"true\"><\/a><div id=\"krautgroup1276778-6-parent\" class=\"krautgroup1276778-parent  ts-flipster-tile\"><img decoding=\"async\" src=\"https:\/\/www.xalps.com\/lex\/wp-content\/uploads\/2018\/06\/180616_Grente297_Lex_95-207x300.jpg\" alt=\"180616_Grente297_Lex_95-207x300\" loading=\"eager\" data-no-lazy=\"1\"><div class=\"ts-flipster-title\">#95: Wieder mal geniale Runde mit meinem Zeno. Wer findet den Fehler im Ger\u00e4tesetup im Bild??\nDer erste Kommentar bekommt ein Bier spendiert! \ud83d\ude42<\/div><\/div><\/li><\/ul><\/div><\/div><\/div><div id=\"ts-advanced-textblock-container-6415780\" class=\"ts-advanced-textblock-container    \" data-viewport-class=\"ts-infinite-css-\" data-viewport-offset=\"bottom-in-view\" data-viewport-delay=\"0\" data-viewport-opacity=\"1\" data-viewport-mobile=\"false\" data-shadow-active=\"false\" data-shadow-class=\"\"  data-height-type=\"auto\" data-height-fixed=\"200\" data-height-minimum=\"200\" data-height-maximum=\"200\"><div id=\"ts-advanced-textblock-content-6415780\" class=\"ts-advanced-textblock-content\" data-scroll-nice=\"false\" data-scroll-color=\"#cacaca\" data-scroll-background=\"#ededed\" data-scroll-init=\"false\">HAMMERTAG, endlich! Die volle Dosis XC-Wahnsinn ist unter\u00a0<a href=\"http:\/\/www.xalps.com\/lex\/project\/grente297\" target=\"_blank\" rel=\"noopener\">http:\/\/www.xalps.com\/lex\/project\/grente297<\/a>\u00a0zu finden (110 Bilder &amp; Videos mit viel 360\u00b0-Material).<br \/>\nDirektlink zum 360\u00b0-Video: <a href=\"https:\/\/www.vimeo.com\/lexrobe\/grente297\" target=\"_blank\" rel=\"noopener\">https:\/\/www.vimeo.com\/lexrobe\/grente297<\/a><\/div><\/div><div class=\"vc_separator wpb_content_element vc_separator_align_center vc_sep_width_100 vc_sep_shadow vc_sep_pos_align_center vc_separator_no_text vc_sep_color_grey wpb_content_element  wpb_content_element\" ><span class=\"vc_sep_holder vc_sep_holder_l\"><span class=\"vc_sep_line\"><\/span><\/span><span class=\"vc_sep_holder vc_sep_holder_r\"><span class=\"vc_sep_line\"><\/span><\/span>\n<\/div><div id=\"ts-vcsc-image-gallery-9924308\" class=\"ts-image-gallery-wrapper ts-kraut-lightbox-frame   \" data-style=\"flipster\" data-break-parents=\"6\" data-inline=\"false\" style=\"margin-top: 0px; margin-bottom: 0px; position: relative;\"><div id=\"krautgroup9924308-title\" class=\"ts-lightbox-nacho-title\">13.07: 243km FAI-Dreieck bei meiner Adlerlounge-Premiere<\/div><div id=\"ts-lightbox-gallery-flipster-main-9924308\" class=\"ts-lightbox-gallery-flipster-main\"><div class=\"ts-lightbox-gallery-flipster-preloader\" style=\"height: 300px; position: relative;\"><div id=\"ts-lightbox-gallery-flipster-preloader-9924308\" class=\" ts-preloader-animation-main ts-preloader-animation-1\"><span data-count=\"1\"><\/span><span data-count=\"2\"><\/span><span data-count=\"3\"><\/span><span data-count=\"4\"><\/span><span data-count=\"5\"><\/span><\/div><\/div><div id=\"ts-lightbox-gallery-flipster-wrapper-9924308\" class=\"ts-lightbox-gallery-flipster-wrapper ts-flipster-processing\" style=\"visibility: hidden; position: fixed; top: -99999px; left: -99999px;\"><ul id=\"ts-lightbox-gallery-flipster-holder-9924308\" class=\"ts-lightbox-gallery-flipster-holder\" data-preloader=\"true\" data-style=\"carousel\" data-maxwidth=\"450\" data-spacing=\"-45\" data-start=\"0\" data-loop=\"true\" data-grayout=\"false\" data-mirror=\"true\" data-arrows=\"true\" data-navigation=\"false\" data-click=\"true\" data-wheel=\"false\" data-touch=\"true\" data-keyboard=\"true\" data-autoplay=\"false\" data-speed=\"2000\"><li class=\"krautgrid-item kraut-lightbox-image \" data-category=\"\" style=\"max-width: 450px;\"><a id=\"krautgroup9924308-0\" href=\"https:\/\/www.xalps.com\/lex\/wp-content\/uploads\/2018\/07\/Kals_180713_243_01.jpg\" target=\"_blank\" data-thumbnail=\"https:\/\/www.xalps.com\/lex\/wp-content\/uploads\/2018\/07\/Kals_180713_243_01-300x97.jpg\" data-title=\"#2: Traum-Kulisse mit Blick auf den Gro\u00dfglockner. Um 9:15 Uhr war der Thermik-Tag schon voll im Gang...\" class=\"kraut-lightbox-media ts-hover-image krautgroup9924308 nofancybox\" rel=\"krautgroup9924308\" data-effect=\"random\" data-nohashes=\"true\" data-usecors=\"global\" data-save=\"0\" data-share=\"0\"><\/a><div id=\"krautgroup9924308-0-parent\" class=\"krautgroup9924308-parent  ts-flipster-tile\"><img decoding=\"async\" src=\"https:\/\/www.xalps.com\/lex\/wp-content\/uploads\/2018\/07\/Kals_180713_243_01-300x97.jpg\" alt=\"Kals_180713_243_01-300x97\" loading=\"eager\" data-no-lazy=\"1\"><div class=\"ts-flipster-title\">#2: Traum-Kulisse mit Blick auf den Gro\u00dfglockner. Um 9:15 Uhr war der Thermik-Tag schon voll im Gang...<\/div><\/div><\/li><li class=\"krautgrid-item kraut-lightbox-image \" data-category=\"\" style=\"max-width: 450px;\"><a id=\"krautgroup9924308-1\" href=\"https:\/\/www.xalps.com\/lex\/wp-content\/uploads\/2018\/07\/Kals_180713_243_02.jpg\" target=\"_blank\" data-thumbnail=\"https:\/\/www.xalps.com\/lex\/wp-content\/uploads\/2018\/07\/Kals_180713_243_02-300x200.jpg\" data-title=\"#1: Perfekte Ausgangssituation: Direkt auf der Wiese neben der Bergstation wird normalerweise gestartet... normalerweise...\" class=\"kraut-lightbox-media ts-hover-image krautgroup9924308 nofancybox\" rel=\"krautgroup9924308\" data-effect=\"random\" data-nohashes=\"true\" data-usecors=\"global\" data-save=\"0\" data-share=\"0\"><\/a><div id=\"krautgroup9924308-1-parent\" class=\"krautgroup9924308-parent  ts-flipster-tile\"><img decoding=\"async\" src=\"https:\/\/www.xalps.com\/lex\/wp-content\/uploads\/2018\/07\/Kals_180713_243_02-300x200.jpg\" alt=\"Kals_180713_243_02-300x200\" loading=\"eager\" data-no-lazy=\"1\"><div class=\"ts-flipster-title\">#1: Perfekte Ausgangssituation: Direkt auf der Wiese neben der Bergstation wird normalerweise gestartet... normalerweise...<\/div><\/div><\/li><li class=\"krautgrid-item kraut-lightbox-image \" data-category=\"\" style=\"max-width: 450px;\"><a id=\"krautgroup9924308-2\" href=\"https:\/\/www.xalps.com\/lex\/wp-content\/uploads\/2018\/07\/Kals_180713_243_08.jpg\" target=\"_blank\" data-thumbnail=\"https:\/\/www.xalps.com\/lex\/wp-content\/uploads\/2018\/07\/Kals_180713_243_08-300x225.jpg\" data-title=\"#8 Happy up there: um 11:30 Uhr mit Basish\u00f6he 3400m auf zum Staller Sattel!\" class=\"kraut-lightbox-media ts-hover-image krautgroup9924308 nofancybox\" rel=\"krautgroup9924308\" data-effect=\"random\" data-nohashes=\"true\" data-usecors=\"global\" data-save=\"0\" data-share=\"0\"><\/a><div id=\"krautgroup9924308-2-parent\" class=\"krautgroup9924308-parent  ts-flipster-tile\"><img decoding=\"async\" src=\"https:\/\/www.xalps.com\/lex\/wp-content\/uploads\/2018\/07\/Kals_180713_243_08-300x225.jpg\" alt=\"Kals_180713_243_08-300x225\" loading=\"eager\" data-no-lazy=\"1\"><div class=\"ts-flipster-title\">#8 Happy up there: um 11:30 Uhr mit Basish\u00f6he 3400m auf zum Staller Sattel!<\/div><\/div><\/li><li class=\"krautgrid-item kraut-lightbox-image \" data-category=\"\" style=\"max-width: 450px;\"><a id=\"krautgroup9924308-3\" href=\"https:\/\/www.xalps.com\/lex\/wp-content\/uploads\/2018\/07\/Kals_180713_243_20.jpg\" target=\"_blank\" data-thumbnail=\"https:\/\/www.xalps.com\/lex\/wp-content\/uploads\/2018\/07\/Kals_180713_243_20-300x170.jpg\" data-title=\"#20: Voraus der Einstieg in das bestens Entwickelte Ridnaun-Tal. Ein Leckerbissen f\u00fcr jeden Streckenflieger. Links unten Sterzing\" class=\"kraut-lightbox-media ts-hover-image krautgroup9924308 nofancybox\" rel=\"krautgroup9924308\" data-effect=\"random\" data-nohashes=\"true\" data-usecors=\"global\" data-save=\"0\" data-share=\"0\"><\/a><div id=\"krautgroup9924308-3-parent\" class=\"krautgroup9924308-parent  ts-flipster-tile\"><img decoding=\"async\" src=\"https:\/\/www.xalps.com\/lex\/wp-content\/uploads\/2018\/07\/Kals_180713_243_20-300x170.jpg\" alt=\"Kals_180713_243_20-300x170\" loading=\"eager\" data-no-lazy=\"1\"><div class=\"ts-flipster-title\">#20: Voraus der Einstieg in das bestens Entwickelte Ridnaun-Tal. Ein Leckerbissen f\u00fcr jeden Streckenflieger. Links unten Sterzing<\/div><\/div><\/li><li class=\"krautgrid-item kraut-lightbox-image \" data-category=\"\" style=\"max-width: 450px;\"><a id=\"krautgroup9924308-4\" href=\"https:\/\/www.xalps.com\/lex\/wp-content\/uploads\/2018\/07\/Kals_180713_243_40.jpg\" target=\"_blank\" data-thumbnail=\"https:\/\/www.xalps.com\/lex\/wp-content\/uploads\/2018\/07\/Kals_180713_243_40-300x92.jpg\" data-title=\"#40: Lie\u00df sich der Col di Lana wieder etwas bitten, so stand westlich der Cima Setsat ein gro\u00dffl\u00e4chiges Aufwindgebiet, das mich endlich wieder zuverl\u00e4ssig auf Basish\u00f6he gebracht hat.\" class=\"kraut-lightbox-media ts-hover-image krautgroup9924308 nofancybox\" rel=\"krautgroup9924308\" data-effect=\"random\" data-nohashes=\"true\" data-usecors=\"global\" data-save=\"0\" data-share=\"0\"><\/a><div id=\"krautgroup9924308-4-parent\" class=\"krautgroup9924308-parent  ts-flipster-tile\"><img decoding=\"async\" src=\"https:\/\/www.xalps.com\/lex\/wp-content\/uploads\/2018\/07\/Kals_180713_243_40-300x92.jpg\" alt=\"Kals_180713_243_40-300x92\" loading=\"eager\" data-no-lazy=\"1\"><div class=\"ts-flipster-title\">#40: Lie\u00df sich der Col di Lana wieder etwas bitten, so stand westlich der Cima Setsat ein gro\u00dffl\u00e4chiges Aufwindgebiet, das mich endlich wieder zuverl\u00e4ssig auf Basish\u00f6he gebracht hat.<\/div><\/div><\/li><li class=\"krautgrid-item kraut-lightbox-image \" data-category=\"\" style=\"max-width: 450px;\"><a id=\"krautgroup9924308-5\" href=\"https:\/\/www.xalps.com\/lex\/wp-content\/uploads\/2018\/07\/Kals_180713_243_34.jpg\" target=\"_blank\" data-thumbnail=\"https:\/\/www.xalps.com\/lex\/wp-content\/uploads\/2018\/07\/Kals_180713_243_34-300x200.jpg\" data-title=\"#34: Steht ja auch pr\u00e4chtig da, die h\u00f6chste Erhebung der Dolos\" class=\"kraut-lightbox-media ts-hover-image krautgroup9924308 nofancybox\" rel=\"krautgroup9924308\" data-effect=\"random\" data-nohashes=\"true\" data-usecors=\"global\" data-save=\"0\" data-share=\"0\"><\/a><div id=\"krautgroup9924308-5-parent\" class=\"krautgroup9924308-parent  ts-flipster-tile\"><img decoding=\"async\" src=\"https:\/\/www.xalps.com\/lex\/wp-content\/uploads\/2018\/07\/Kals_180713_243_34-300x200.jpg\" alt=\"Kals_180713_243_34-300x200\" loading=\"eager\" data-no-lazy=\"1\"><div class=\"ts-flipster-title\">#34: Steht ja auch pr\u00e4chtig da, die h\u00f6chste Erhebung der Dolos<\/div><\/div><\/li><li class=\"krautgrid-item kraut-lightbox-image \" data-category=\"\" style=\"max-width: 450px;\"><a id=\"krautgroup9924308-6\" href=\"https:\/\/www.xalps.com\/lex\/wp-content\/uploads\/2018\/07\/Kals_180713_243_48.jpg\" target=\"_blank\" data-thumbnail=\"https:\/\/www.xalps.com\/lex\/wp-content\/uploads\/2018\/07\/Kals_180713_243_48-300x200.jpg\" data-title=\"#48: Die Drei Zinnen im CloseUp\" class=\"kraut-lightbox-media ts-hover-image krautgroup9924308 nofancybox\" rel=\"krautgroup9924308\" data-effect=\"random\" data-usecors=\"global\" data-save=\"0\" data-share=\"0\" data-play=\"1\" data-play=\"1\" data-autoplay=\"0\" data-duration=\"5000\" data-thumbsize=\"120\" data-thumbs=\"bottom\"  data-nohashes=\"true\"><\/a><div id=\"krautgroup9924308-6-parent\" class=\"krautgroup9924308-parent  ts-flipster-tile\"><img decoding=\"async\" src=\"https:\/\/www.xalps.com\/lex\/wp-content\/uploads\/2018\/07\/Kals_180713_243_48-300x200.jpg\" alt=\"Kals_180713_243_48-300x200\" loading=\"eager\" data-no-lazy=\"1\"><div class=\"ts-flipster-title\">#48: Die Drei Zinnen im CloseUp<\/div><\/div><\/li><\/ul><\/div><\/div><\/div><div id=\"ts-advanced-textblock-container-7837436\" class=\"ts-advanced-textblock-container    \" data-viewport-class=\"ts-infinite-css-\" data-viewport-offset=\"bottom-in-view\" data-viewport-delay=\"0\" data-viewport-opacity=\"1\" data-viewport-mobile=\"false\" data-shadow-active=\"false\" data-shadow-class=\"\"  data-height-type=\"auto\" data-height-fixed=\"200\" data-height-minimum=\"200\" data-height-maximum=\"200\"><div id=\"ts-advanced-textblock-content-7837436\" class=\"ts-advanced-textblock-content\" data-scroll-nice=\"false\" data-scroll-color=\"#cacaca\" data-scroll-background=\"#ededed\" data-scroll-init=\"false\">Die N-Wind-Prognosen &amp; 3-4 hPa Alptherm-QNH haben sich zum Gl\u00fcck nicht bewahrheitet &#8211; klarer Fall von &#8222;If you don&#8217;t go, you don&#8217;t know&#8220; \ud83d\ude42<br \/>\nKomplette Foto-Story mit 60 Bildern unter\u00a0<a href=\"http:\/\/www.xalps.com\/lex\/project\/180713_adlerlounge\">http:\/\/www.xalps.com\/lex\/project\/180713_adlerlounge<\/a><\/div><\/div><div class=\"vc_separator wpb_content_element vc_separator_align_center vc_sep_width_100 vc_sep_shadow vc_sep_pos_align_center vc_separator_no_text vc_sep_color_grey wpb_content_element  wpb_content_element\" ><span class=\"vc_sep_holder vc_sep_holder_l\"><span class=\"vc_sep_line\"><\/span><\/span><span class=\"vc_sep_holder vc_sep_holder_r\"><span class=\"vc_sep_line\"><\/span><\/span>\n<\/div><div id=\"ts-vcsc-image-gallery-6071495\" class=\"ts-image-gallery-wrapper ts-kraut-lightbox-frame   \" data-style=\"flipster\" data-break-parents=\"6\" data-inline=\"false\" style=\"margin-top: 0px; margin-bottom: 0px; position: relative;\"><div id=\"krautgroup6071495-title\" class=\"ts-lightbox-nacho-title\">31.07.: unverhofftes 254km FAI-Dreieck nach Mojo-Spontantrip auf den Stoderzinken<\/div><div id=\"ts-lightbox-gallery-flipster-main-6071495\" class=\"ts-lightbox-gallery-flipster-main\"><div class=\"ts-lightbox-gallery-flipster-preloader\" style=\"height: 300px; position: relative;\"><div id=\"ts-lightbox-gallery-flipster-preloader-6071495\" class=\" ts-preloader-animation-main ts-preloader-animation-1\"><span data-count=\"1\"><\/span><span data-count=\"2\"><\/span><span data-count=\"3\"><\/span><span data-count=\"4\"><\/span><span data-count=\"5\"><\/span><\/div><\/div><div id=\"ts-lightbox-gallery-flipster-wrapper-6071495\" class=\"ts-lightbox-gallery-flipster-wrapper ts-flipster-processing\" style=\"visibility: hidden; position: fixed; top: -99999px; left: -99999px;\"><ul id=\"ts-lightbox-gallery-flipster-holder-6071495\" class=\"ts-lightbox-gallery-flipster-holder\" data-preloader=\"true\" data-style=\"carousel\" data-maxwidth=\"450\" data-spacing=\"-45\" data-start=\"0\" data-loop=\"true\" data-grayout=\"false\" data-mirror=\"true\" data-arrows=\"true\" data-navigation=\"false\" data-click=\"true\" data-wheel=\"false\" data-touch=\"true\" data-keyboard=\"true\" data-autoplay=\"false\" data-speed=\"2000\"><li class=\"krautgrid-item kraut-lightbox-image \" data-category=\"\" style=\"max-width: 450px;\"><a id=\"krautgroup6071495-0\" href=\"https:\/\/www.xalps.com\/lex\/wp-content\/uploads\/2018\/08\/Stoder180731_Lex_04.jpg\" target=\"_blank\" data-thumbnail=\"https:\/\/www.xalps.com\/lex\/wp-content\/uploads\/2018\/08\/Stoder180731_Lex_04-300x220.jpg\" data-title=\"02: Die heutige Stoder XC-Crew: Mojo meets DFC Lungau & Skywalkers\" class=\"kraut-lightbox-media ts-hover-image krautgroup6071495 nofancybox\" rel=\"krautgroup6071495\" data-effect=\"random\" data-nohashes=\"true\" data-usecors=\"global\" data-save=\"0\" data-share=\"0\"><\/a><div id=\"krautgroup6071495-0-parent\" class=\"krautgroup6071495-parent  ts-flipster-tile\"><img decoding=\"async\" src=\"https:\/\/www.xalps.com\/lex\/wp-content\/uploads\/2018\/08\/Stoder180731_Lex_04-300x220.jpg\" alt=\"Stoder180731_Lex_04-300x220\" loading=\"eager\" data-no-lazy=\"1\"><div class=\"ts-flipster-title\">02: Die heutige Stoder XC-Crew: Mojo meets DFC Lungau & Skywalkers<\/div><\/div><\/li><li class=\"krautgrid-item kraut-lightbox-image \" data-category=\"\" style=\"max-width: 450px;\"><a id=\"krautgroup6071495-1\" href=\"https:\/\/www.xalps.com\/lex\/wp-content\/uploads\/2018\/08\/Stoder180731_Lex_05.jpg\" target=\"_blank\" data-thumbnail=\"https:\/\/www.xalps.com\/lex\/wp-content\/uploads\/2018\/08\/Stoder180731_Lex_05-300x209.jpg\" data-title=\"03: Nach dem Start um 10:15 Uhr ging es gleich hurtig in die Luft und  keine 5 Minuten sp\u00e4ter war die Basis in 2550m erreicht.\" class=\"kraut-lightbox-media ts-hover-image krautgroup6071495 nofancybox\" rel=\"krautgroup6071495\" data-effect=\"random\" data-nohashes=\"true\" data-usecors=\"global\" data-save=\"0\" data-share=\"0\"><\/a><div id=\"krautgroup6071495-1-parent\" class=\"krautgroup6071495-parent  ts-flipster-tile\"><img decoding=\"async\" src=\"https:\/\/www.xalps.com\/lex\/wp-content\/uploads\/2018\/08\/Stoder180731_Lex_05-300x209.jpg\" alt=\"Stoder180731_Lex_05-300x209\" loading=\"eager\" data-no-lazy=\"1\"><div class=\"ts-flipster-title\">03: Nach dem Start um 10:15 Uhr ging es gleich hurtig in die Luft und  keine 5 Minuten sp\u00e4ter war die Basis in 2550m erreicht.<\/div><\/div><\/li><li class=\"krautgrid-item kraut-lightbox-image \" data-category=\"\" style=\"max-width: 450px;\"><a id=\"krautgroup6071495-2\" href=\"https:\/\/www.xalps.com\/lex\/wp-content\/uploads\/2018\/08\/Stoder180731_Lex_12.jpg\" target=\"_blank\" data-thumbnail=\"https:\/\/www.xalps.com\/lex\/wp-content\/uploads\/2018\/08\/Stoder180731_Lex_12-300x181.jpg\" data-title=\"10: Als gebranntes Kind des Rossbrands bei Nordlagen, hatte ich mich diesmal spontan f\u00fcr den Umweg \u00fcber die Dachstein-S\u00fcdwand entschieden. Eine Wolkenbank auf halber H\u00f6he sah sehr verlockend aus. Sch\u00f6n tief im Lee sollte ich mich vor dem \u00fcberschwappenden Nordwind gut verstecken k\u00f6nnen. Leider zogen die Wolken nicht richtig  durch, sodass ich erst wieder zu den vorgelagerten Bummerln am Raucheck (kleiner Zipfel mit Bummerl in der Bildmitte) und schlie\u00dflich R\u00f6telstein (Gipfel weiter links hinten) weiterfliegen musste.\" class=\"kraut-lightbox-media ts-hover-image krautgroup6071495 nofancybox\" rel=\"krautgroup6071495\" data-effect=\"random\" data-nohashes=\"true\" data-usecors=\"global\" data-save=\"0\" data-share=\"0\"><\/a><div id=\"krautgroup6071495-2-parent\" class=\"krautgroup6071495-parent  ts-flipster-tile\"><img decoding=\"async\" src=\"https:\/\/www.xalps.com\/lex\/wp-content\/uploads\/2018\/08\/Stoder180731_Lex_12-300x181.jpg\" alt=\"Stoder180731_Lex_12-300x181\" loading=\"eager\" data-no-lazy=\"1\"><div class=\"ts-flipster-title\">10: Als gebranntes Kind des Rossbrands bei Nordlagen, hatte ich mich diesmal spontan f\u00fcr den Umweg \u00fcber die Dachstein-S\u00fcdwand entschieden. Eine Wolkenbank auf halber H\u00f6he sah sehr verlockend aus. Sch\u00f6n tief im Lee sollte ich mich vor dem \u00fcberschwappenden Nordwind gut verstecken k\u00f6nnen. Leider zogen die Wolken nicht richtig  durch, sodass ich erst wieder zu den vorgelagerten Bummerln am Raucheck (kleiner Zipfel mit Bummerl in der Bildmitte) und schlie\u00dflich R\u00f6telstein (Gipfel weiter links hinten) weiterfliegen musste.<\/div><\/div><\/li><li class=\"krautgrid-item kraut-lightbox-image \" data-category=\"\" style=\"max-width: 450px;\"><a id=\"krautgroup6071495-3\" href=\"https:\/\/www.xalps.com\/lex\/wp-content\/uploads\/2018\/08\/Stoder180731_Lex_27.jpg\" target=\"_blank\" data-thumbnail=\"https:\/\/www.xalps.com\/lex\/wp-content\/uploads\/2018\/08\/Stoder180731_Lex_27-300x225.jpg\" data-title=\"26: Im Norden hatte der Wind dann auch 15-20 km\/h Nordost gedreht, weshalb ich mich f\u00fcr den Thermikeinstieg am Sonntagshorn entschied. Als ich dort wieder Basis hatte, war es bereits 14 Uhr. Diesen Zeitpunkt hatte ich mir eigentlich als Wendezeit gesetzt... - aber wenn der Gurnwandkopf mit so einem Bummerl lockt???\" class=\"kraut-lightbox-media ts-hover-image krautgroup6071495 nofancybox\" rel=\"krautgroup6071495\" data-effect=\"random\" data-nohashes=\"true\" data-usecors=\"global\" data-save=\"0\" data-share=\"0\"><\/a><div id=\"krautgroup6071495-3-parent\" class=\"krautgroup6071495-parent  ts-flipster-tile\"><img decoding=\"async\" src=\"https:\/\/www.xalps.com\/lex\/wp-content\/uploads\/2018\/08\/Stoder180731_Lex_27-300x225.jpg\" alt=\"Stoder180731_Lex_27-300x225\" loading=\"eager\" data-no-lazy=\"1\"><div class=\"ts-flipster-title\">26: Im Norden hatte der Wind dann auch 15-20 km\/h Nordost gedreht, weshalb ich mich f\u00fcr den Thermikeinstieg am Sonntagshorn entschied. Als ich dort wieder Basis hatte, war es bereits 14 Uhr. Diesen Zeitpunkt hatte ich mir eigentlich als Wendezeit gesetzt... - aber wenn der Gurnwandkopf mit so einem Bummerl lockt???<\/div><\/div><\/li><li class=\"krautgrid-item kraut-lightbox-image \" data-category=\"\" style=\"max-width: 450px;\"><a id=\"krautgroup6071495-4\" href=\"https:\/\/www.xalps.com\/lex\/wp-content\/uploads\/2018\/08\/Stoder180731_Lex_31.jpg\" target=\"_blank\" data-thumbnail=\"https:\/\/www.xalps.com\/lex\/wp-content\/uploads\/2018\/08\/Stoder180731_Lex_31-300x225.jpg\" data-title=\"31: ...und weiter voraus sah es ebenfalls BESTENS aus - yummy!\" class=\"kraut-lightbox-media ts-hover-image krautgroup6071495 nofancybox\" rel=\"krautgroup6071495\" data-effect=\"random\" data-nohashes=\"true\" data-usecors=\"global\" data-save=\"0\" data-share=\"0\"><\/a><div id=\"krautgroup6071495-4-parent\" class=\"krautgroup6071495-parent  ts-flipster-tile\"><img decoding=\"async\" src=\"https:\/\/www.xalps.com\/lex\/wp-content\/uploads\/2018\/08\/Stoder180731_Lex_31-300x225.jpg\" alt=\"Stoder180731_Lex_31-300x225\" loading=\"eager\" data-no-lazy=\"1\"><div class=\"ts-flipster-title\">31: ...und weiter voraus sah es ebenfalls BESTENS aus - yummy!<\/div><\/div><\/li><li class=\"krautgrid-item kraut-lightbox-image \" data-category=\"\" style=\"max-width: 450px;\"><a id=\"krautgroup6071495-5\" href=\"https:\/\/www.xalps.com\/lex\/wp-content\/uploads\/2018\/08\/Stoder180731_Lex_46.jpg\" target=\"_blank\" data-thumbnail=\"https:\/\/www.xalps.com\/lex\/wp-content\/uploads\/2018\/08\/Stoder180731_Lex_46-225x300.jpg\" data-title=\"46: Simon Oberrauner mit seinem Skywalk Poison XAlps im Closeup #1\" class=\"kraut-lightbox-media ts-hover-image krautgroup6071495 nofancybox\" rel=\"krautgroup6071495\" data-effect=\"random\" data-nohashes=\"true\" data-usecors=\"global\" data-save=\"0\" data-share=\"0\"><\/a><div id=\"krautgroup6071495-5-parent\" class=\"krautgroup6071495-parent  ts-flipster-tile\"><img decoding=\"async\" src=\"https:\/\/www.xalps.com\/lex\/wp-content\/uploads\/2018\/08\/Stoder180731_Lex_46-225x300.jpg\" alt=\"Stoder180731_Lex_46-225x300\" loading=\"eager\" data-no-lazy=\"1\"><div class=\"ts-flipster-title\">46: Simon Oberrauner mit seinem Skywalk Poison XAlps im Closeup #1<\/div><\/div><\/li><li class=\"krautgrid-item kraut-lightbox-image \" data-category=\"\" style=\"max-width: 450px;\"><a id=\"krautgroup6071495-6\" href=\"https:\/\/www.xalps.com\/lex\/wp-content\/uploads\/2018\/08\/Stoder180731_Lex_55.jpg\" target=\"_blank\" data-thumbnail=\"https:\/\/www.xalps.com\/lex\/wp-content\/uploads\/2018\/08\/Stoder180731_Lex_55-300x98.jpg\" data-title=\"53: Der Alpenhauptkamm - WAS F\u00dcR EIN ANBLICK! Im Bild rechts der Sonnblick\" class=\"kraut-lightbox-media ts-hover-image krautgroup6071495 nofancybox\" rel=\"krautgroup6071495\" data-effect=\"random\" data-nohashes=\"true\" data-usecors=\"global\" data-save=\"0\" data-share=\"0\"><\/a><div id=\"krautgroup6071495-6-parent\" class=\"krautgroup6071495-parent  ts-flipster-tile\"><img decoding=\"async\" src=\"https:\/\/www.xalps.com\/lex\/wp-content\/uploads\/2018\/08\/Stoder180731_Lex_55-300x98.jpg\" alt=\"Stoder180731_Lex_55-300x98\" loading=\"eager\" data-no-lazy=\"1\"><div class=\"ts-flipster-title\">53: Der Alpenhauptkamm - WAS F\u00dcR EIN ANBLICK! Im Bild rechts der Sonnblick<\/div><\/div><\/li><li class=\"krautgrid-item kraut-lightbox-image \" data-category=\"\" style=\"max-width: 450px;\"><a id=\"krautgroup6071495-7\" href=\"https:\/\/www.xalps.com\/lex\/wp-content\/uploads\/2018\/08\/Stoder180731_Lex_50.jpg\" target=\"_blank\" data-thumbnail=\"https:\/\/www.xalps.com\/lex\/wp-content\/uploads\/2018\/08\/Stoder180731_Lex_50-300x225.jpg\" data-title=\"50: Hallo Copilot! :-)\" class=\"kraut-lightbox-media ts-hover-image krautgroup6071495 nofancybox\" rel=\"krautgroup6071495\" data-effect=\"random\" data-nohashes=\"true\" data-usecors=\"global\" data-save=\"0\" data-share=\"0\"><\/a><div id=\"krautgroup6071495-7-parent\" class=\"krautgroup6071495-parent  ts-flipster-tile\"><img decoding=\"async\" src=\"https:\/\/www.xalps.com\/lex\/wp-content\/uploads\/2018\/08\/Stoder180731_Lex_50-300x225.jpg\" alt=\"Stoder180731_Lex_50-300x225\" loading=\"eager\" data-no-lazy=\"1\"><div class=\"ts-flipster-title\">50: Hallo Copilot! \ud83d\ude42<\/div><\/div><\/li><li class=\"krautgrid-item kraut-lightbox-image \" data-category=\"\" style=\"max-width: 450px;\"><a id=\"krautgroup6071495-8\" href=\"https:\/\/www.xalps.com\/lex\/wp-content\/uploads\/2018\/08\/Stoder180731_Lex_37.jpg\" target=\"_blank\" data-thumbnail=\"https:\/\/www.xalps.com\/lex\/wp-content\/uploads\/2018\/08\/Stoder180731_Lex_37-300x77.jpg\" data-title=\"37: Gen\u00fcgend Ausgangsh\u00f6he f\u00fcr das Andocken im Rauriser Tal\" class=\"kraut-lightbox-media ts-hover-image krautgroup6071495 nofancybox\" rel=\"krautgroup6071495\" data-effect=\"random\" data-nohashes=\"true\" data-usecors=\"global\" data-save=\"0\" data-share=\"0\"><\/a><div id=\"krautgroup6071495-8-parent\" class=\"krautgroup6071495-parent  ts-flipster-tile\"><img decoding=\"async\" src=\"https:\/\/www.xalps.com\/lex\/wp-content\/uploads\/2018\/08\/Stoder180731_Lex_37-300x77.jpg\" alt=\"Stoder180731_Lex_37-300x77\" loading=\"eager\" data-no-lazy=\"1\"><div class=\"ts-flipster-title\">37: Gen\u00fcgend Ausgangsh\u00f6he f\u00fcr das Andocken im Rauriser Tal<\/div><\/div><\/li><li class=\"krautgrid-item kraut-lightbox-image \" data-category=\"\" style=\"max-width: 450px;\"><a id=\"krautgroup6071495-9\" href=\"https:\/\/www.xalps.com\/lex\/wp-content\/uploads\/2018\/08\/Stoder180731_Lex_84.jpg\" target=\"_blank\" data-thumbnail=\"https:\/\/www.xalps.com\/lex\/wp-content\/uploads\/2018\/08\/Stoder180731_Lex_84-300x82.jpg\" data-title=\"84: Auch das n\u00e4chste Tal schaffte ich soarend und konnte schlie\u00dflich s\u00fcdlich der Hochwurzen nochmal einen Bart finden, der mich um 19:15 Uhr nochmal auf knapp 3000m brachte. WOW!!! Und noch immer \"gesunde\" Wolken vor mir. Jetzt die letzte wichtige Entscheidung: Bleibe ich weiter hinten oder n\u00fctze ich meine Position, um das \u00fcber der Planai trohnende Bummerl anzusteuern? Ich hab mich diesmal f\u00fcr das Planai-Bummerl entschieden...\" class=\"kraut-lightbox-media ts-hover-image krautgroup6071495 nofancybox\" rel=\"krautgroup6071495\" data-effect=\"random\" data-nohashes=\"true\" data-usecors=\"global\" data-save=\"0\" data-share=\"0\"><\/a><div id=\"krautgroup6071495-9-parent\" class=\"krautgroup6071495-parent  ts-flipster-tile\"><img decoding=\"async\" src=\"https:\/\/www.xalps.com\/lex\/wp-content\/uploads\/2018\/08\/Stoder180731_Lex_84-300x82.jpg\" alt=\"Stoder180731_Lex_84-300x82\" loading=\"eager\" data-no-lazy=\"1\"><div class=\"ts-flipster-title\">84: Auch das n\u00e4chste Tal schaffte ich soarend und konnte schlie\u00dflich s\u00fcdlich der Hochwurzen nochmal einen Bart finden, der mich um 19:15 Uhr nochmal auf knapp 3000m brachte. WOW!!! Und noch immer \"gesunde\" Wolken vor mir. Jetzt die letzte wichtige Entscheidung: Bleibe ich weiter hinten oder n\u00fctze ich meine Position, um das \u00fcber der Planai trohnende Bummerl anzusteuern? Ich hab mich diesmal f\u00fcr das Planai-Bummerl entschieden...<\/div><\/div><\/li><li class=\"krautgrid-item kraut-lightbox-image \" data-category=\"\" style=\"max-width: 450px;\"><a id=\"krautgroup6071495-10\" href=\"https:\/\/www.xalps.com\/lex\/wp-content\/uploads\/2018\/08\/Stoder180731_Lex_73.jpg\" target=\"_blank\" data-thumbnail=\"https:\/\/www.xalps.com\/lex\/wp-content\/uploads\/2018\/08\/Stoder180731_Lex_73-300x225.jpg\" data-title=\"73: Nach spannendem Aufkurbeln Filzmoosh\u00f6rndl musste ich mich nun entscheiden, wie ich den Bereich zwishcen Kraxenkogel (linker Berg ) und Faulkogel (rechter Berg) nehmen w\u00fcrde. Nicht leicht zu erahnen, wo bei diesem Starken Wind die gute Thermik entseht. Ist die rechte Wolke nur der schon Absterbende Vorg\u00e4nger der sich links neu bildenden? Ich entschied mich wieder mal an diesem Tag f\u00fcr die luvseitige sichere Variante. Diese Entscheidung bescherte mir prompt die zweite kleine Baustelle des Tages, da ich dort genau NIX au\u00dfer unbrauchbarem Nordostwind-Geschiebe vorfand. Wieder mal f\u00fchrte der Weg zum Steigen \u00fcber dessen Leebereich aus dem ich wieder auf knapp 3200m aufdrehen konnte\" class=\"kraut-lightbox-media ts-hover-image krautgroup6071495 nofancybox\" rel=\"krautgroup6071495\" data-effect=\"random\" data-usecors=\"global\" data-save=\"0\" data-share=\"0\" data-play=\"1\" data-play=\"1\" data-autoplay=\"0\" data-duration=\"5000\" data-thumbsize=\"120\" data-thumbs=\"bottom\"  data-nohashes=\"true\"><\/a><div id=\"krautgroup6071495-10-parent\" class=\"krautgroup6071495-parent  ts-flipster-tile\"><img decoding=\"async\" src=\"https:\/\/www.xalps.com\/lex\/wp-content\/uploads\/2018\/08\/Stoder180731_Lex_73-300x225.jpg\" alt=\"Stoder180731_Lex_73-300x225\" loading=\"eager\" data-no-lazy=\"1\"><div class=\"ts-flipster-title\">73: Nach spannendem Aufkurbeln Filzmoosh\u00f6rndl musste ich mich nun entscheiden, wie ich den Bereich zwishcen Kraxenkogel (linker Berg ) und Faulkogel (rechter Berg) nehmen w\u00fcrde. Nicht leicht zu erahnen, wo bei diesem Starken Wind die gute Thermik entseht. Ist die rechte Wolke nur der schon Absterbende Vorg\u00e4nger der sich links neu bildenden? Ich entschied mich wieder mal an diesem Tag f\u00fcr die luvseitige sichere Variante. Diese Entscheidung bescherte mir prompt die zweite kleine Baustelle des Tages, da ich dort genau NIX au\u00dfer unbrauchbarem Nordostwind-Geschiebe vorfand. Wieder mal f\u00fchrte der Weg zum Steigen \u00fcber dessen Leebereich aus dem ich wieder auf knapp 3200m aufdrehen konnte<\/div><\/div><\/li><\/ul><\/div><\/div><\/div><div id=\"ts-advanced-textblock-container-6148759\" class=\"ts-advanced-textblock-container    \" data-viewport-class=\"ts-infinite-css-\" data-viewport-offset=\"bottom-in-view\" data-viewport-delay=\"0\" data-viewport-opacity=\"1\" data-viewport-mobile=\"false\" data-shadow-active=\"false\" data-shadow-class=\"\"  data-height-type=\"auto\" data-height-fixed=\"200\" data-height-minimum=\"200\" data-height-maximum=\"200\"><div id=\"ts-advanced-textblock-content-6148759\" class=\"ts-advanced-textblock-content\" data-scroll-nice=\"false\" data-scroll-color=\"#cacaca\" data-scroll-background=\"#ededed\" data-scroll-init=\"false\">Jetzt betreibe ich seit 15 Jahren Streckenfliegen und bin noch immer so geflasht wie beim ersten Mal &#8211; WAS F\u00dcR EIN HOBBY! Besonderes Highlight diesmal: So einen speziellen letzten Schenkel hatte ich noch nie &#8211; bei 20+ Nordwind und Abschattungen ganz sch\u00f6n spannend.<br \/>\nKompletter Flugbericht mit 90 Fotos auf\u00a0<a href=\"http:\/\/www.xalps.com\/lex\/project\/180731_stoder\">http:\/\/www.xalps.com\/lex\/project\/180731_stoder<\/a><\/div><\/div><div class=\"vc_separator wpb_content_element vc_separator_align_center vc_sep_width_100 vc_sep_shadow vc_sep_pos_align_center vc_separator_no_text vc_sep_color_grey wpb_content_element  wpb_content_element\" ><span class=\"vc_sep_holder vc_sep_holder_l\"><span class=\"vc_sep_line\"><\/span><\/span><span class=\"vc_sep_holder vc_sep_holder_r\"><span class=\"vc_sep_line\"><\/span><\/span>\n<\/div><div id=\"ts-vcsc-image-gallery-1127287\" class=\"ts-image-gallery-wrapper ts-kraut-lightbox-frame   \" data-style=\"flipster\" data-break-parents=\"6\" data-inline=\"false\" style=\"margin-top: 0px; margin-bottom: 0px; position: relative;\"><div id=\"krautgroup1127287-title\" class=\"ts-lightbox-nacho-title\">04.08.: 283km FAI-Dreieck mit den slowenischen PWC-Guns Primoz Susa und Tilen Ceglar<\/div><div id=\"ts-lightbox-gallery-flipster-main-1127287\" class=\"ts-lightbox-gallery-flipster-main\"><div class=\"ts-lightbox-gallery-flipster-preloader\" style=\"height: 300px; position: relative;\"><div id=\"ts-lightbox-gallery-flipster-preloader-1127287\" class=\" ts-preloader-animation-main ts-preloader-animation-1\"><span data-count=\"1\"><\/span><span data-count=\"2\"><\/span><span data-count=\"3\"><\/span><span data-count=\"4\"><\/span><span data-count=\"5\"><\/span><\/div><\/div><div id=\"ts-lightbox-gallery-flipster-wrapper-1127287\" class=\"ts-lightbox-gallery-flipster-wrapper ts-flipster-processing\" style=\"visibility: hidden; position: fixed; top: -99999px; left: -99999px;\"><ul id=\"ts-lightbox-gallery-flipster-holder-1127287\" class=\"ts-lightbox-gallery-flipster-holder\" data-preloader=\"true\" data-style=\"carousel\" data-maxwidth=\"450\" data-spacing=\"-45\" data-start=\"0\" data-loop=\"true\" data-grayout=\"false\" data-mirror=\"true\" data-arrows=\"true\" data-navigation=\"false\" data-click=\"true\" data-wheel=\"false\" data-touch=\"true\" data-keyboard=\"true\" data-autoplay=\"false\" data-speed=\"2000\"><li class=\"krautgrid-item kraut-lightbox-image \" data-category=\"\" style=\"max-width: 450px;\"><a id=\"krautgroup1127287-0\" href=\"https:\/\/www.xalps.com\/lex\/wp-content\/uploads\/2018\/08\/Stoder180804_Lex_002.jpg\" target=\"_blank\" data-thumbnail=\"https:\/\/www.xalps.com\/lex\/wp-content\/uploads\/2018\/08\/Stoder180804_Lex_002-300x72.jpg\" data-title=\"2: Gesamtes 180\u00b0-Panorama: vom Dachstein bis ins Ennstal\" class=\"kraut-lightbox-media ts-hover-image krautgroup1127287 nofancybox\" rel=\"krautgroup1127287\" data-effect=\"random\" data-nohashes=\"true\" data-usecors=\"global\" data-save=\"0\" data-share=\"0\"><\/a><div id=\"krautgroup1127287-0-parent\" class=\"krautgroup1127287-parent  ts-flipster-tile\"><img decoding=\"async\" src=\"https:\/\/www.xalps.com\/lex\/wp-content\/uploads\/2018\/08\/Stoder180804_Lex_002-300x72.jpg\" alt=\"Stoder180804_Lex_002-300x72\" loading=\"eager\" data-no-lazy=\"1\"><div class=\"ts-flipster-title\">2: Gesamtes 180\u00b0-Panorama: vom Dachstein bis ins Ennstal<\/div><\/div><\/li><li class=\"krautgrid-item kraut-lightbox-image \" data-category=\"\" style=\"max-width: 450px;\"><a id=\"krautgroup1127287-1\" href=\"https:\/\/www.xalps.com\/lex\/wp-content\/uploads\/2018\/08\/Stoder180804_Lex_026.jpg\" target=\"_blank\" data-thumbnail=\"https:\/\/www.xalps.com\/lex\/wp-content\/uploads\/2018\/08\/Stoder180804_Lex_026-300x118.jpg\" data-title=\"26: Primoz und das RICHTIGE Chiemsee-Pano\" class=\"kraut-lightbox-media ts-hover-image krautgroup1127287 nofancybox\" rel=\"krautgroup1127287\" data-effect=\"random\" data-nohashes=\"true\" data-usecors=\"global\" data-save=\"0\" data-share=\"0\"><\/a><div id=\"krautgroup1127287-1-parent\" class=\"krautgroup1127287-parent  ts-flipster-tile\"><img decoding=\"async\" src=\"https:\/\/www.xalps.com\/lex\/wp-content\/uploads\/2018\/08\/Stoder180804_Lex_026-300x118.jpg\" alt=\"Stoder180804_Lex_026-300x118\" loading=\"eager\" data-no-lazy=\"1\"><div class=\"ts-flipster-title\">26: Primoz und das RICHTIGE Chiemsee-Pano<\/div><\/div><\/li><li class=\"krautgrid-item kraut-lightbox-image \" data-category=\"\" style=\"max-width: 450px;\"><a id=\"krautgroup1127287-2\" href=\"https:\/\/www.xalps.com\/lex\/wp-content\/uploads\/2018\/08\/Stoder180804_Lex_016.jpg\" target=\"_blank\" data-thumbnail=\"https:\/\/www.xalps.com\/lex\/wp-content\/uploads\/2018\/08\/Stoder180804_Lex_016-300x225.jpg\" data-title=\"11: Mit Primoz im Hangoff im letzten Bart in \u00d6sterreich\" class=\"kraut-lightbox-media ts-hover-image krautgroup1127287 nofancybox\" rel=\"krautgroup1127287\" data-effect=\"random\" data-nohashes=\"true\" data-usecors=\"global\" data-save=\"0\" data-share=\"0\"><\/a><div id=\"krautgroup1127287-2-parent\" class=\"krautgroup1127287-parent  ts-flipster-tile\"><img decoding=\"async\" src=\"https:\/\/www.xalps.com\/lex\/wp-content\/uploads\/2018\/08\/Stoder180804_Lex_016-300x225.jpg\" alt=\"Stoder180804_Lex_016-300x225\" loading=\"eager\" data-no-lazy=\"1\"><div class=\"ts-flipster-title\">11: Mit Primoz im Hangoff im letzten Bart in \u00d6sterreich<\/div><\/div><\/li><li class=\"krautgrid-item kraut-lightbox-image \" data-category=\"\" style=\"max-width: 450px;\"><a id=\"krautgroup1127287-3\" href=\"https:\/\/www.xalps.com\/lex\/wp-content\/uploads\/2018\/08\/Stoder180804_Lex_051.jpg\" target=\"_blank\" data-thumbnail=\"https:\/\/www.xalps.com\/lex\/wp-content\/uploads\/2018\/08\/Stoder180804_Lex_051-300x135.jpg\" data-title=\"51: Pr\u00e4chtiger Ausblick auf die Alpens\u00fcdseite\" class=\"kraut-lightbox-media ts-hover-image krautgroup1127287 nofancybox\" rel=\"krautgroup1127287\" data-effect=\"random\" data-nohashes=\"true\" data-usecors=\"global\" data-save=\"0\" data-share=\"0\"><\/a><div id=\"krautgroup1127287-3-parent\" class=\"krautgroup1127287-parent  ts-flipster-tile\"><img decoding=\"async\" src=\"https:\/\/www.xalps.com\/lex\/wp-content\/uploads\/2018\/08\/Stoder180804_Lex_051-300x135.jpg\" alt=\"Stoder180804_Lex_051-300x135\" loading=\"eager\" data-no-lazy=\"1\"><div class=\"ts-flipster-title\">51: Pr\u00e4chtiger Ausblick auf die Alpens\u00fcdseite<\/div><\/div><\/li><li class=\"krautgrid-item kraut-lightbox-image \" data-category=\"\" style=\"max-width: 450px;\"><a id=\"krautgroup1127287-4\" href=\"https:\/\/www.xalps.com\/lex\/wp-content\/uploads\/2018\/08\/Stoder180804_Lex_062.jpg\" target=\"_blank\" data-thumbnail=\"https:\/\/www.xalps.com\/lex\/wp-content\/uploads\/2018\/08\/Stoder180804_Lex_062-300x105.jpg\" data-title=\"62: Blick auf die Radst\u00e4dter Tauern auf H\u00f6he Tauernautobahn mit der Steinfeldspitze (unter dem Krapferl) als n\u00e4chsten Thermik-Tankpunkt\" class=\"kraut-lightbox-media ts-hover-image krautgroup1127287 nofancybox\" rel=\"krautgroup1127287\" data-effect=\"random\" data-nohashes=\"true\" data-usecors=\"global\" data-save=\"0\" data-share=\"0\"><\/a><div id=\"krautgroup1127287-4-parent\" class=\"krautgroup1127287-parent  ts-flipster-tile\"><img decoding=\"async\" src=\"https:\/\/www.xalps.com\/lex\/wp-content\/uploads\/2018\/08\/Stoder180804_Lex_062-300x105.jpg\" alt=\"Stoder180804_Lex_062-300x105\" loading=\"eager\" data-no-lazy=\"1\"><div class=\"ts-flipster-title\">62: Blick auf die Radst\u00e4dter Tauern auf H\u00f6he Tauernautobahn mit der Steinfeldspitze (unter dem Krapferl) als n\u00e4chsten Thermik-Tankpunkt<\/div><\/div><\/li><li class=\"krautgrid-item kraut-lightbox-image \" data-category=\"\" style=\"max-width: 450px;\"><a id=\"krautgroup1127287-5\" href=\"https:\/\/www.xalps.com\/lex\/wp-content\/uploads\/2018\/08\/Stoder180804_Lex_078.jpg\" target=\"_blank\" data-thumbnail=\"https:\/\/www.xalps.com\/lex\/wp-content\/uploads\/2018\/08\/Stoder180804_Lex_078-300x202.jpg\" data-title=\"78: Genau wie Primoz\" class=\"kraut-lightbox-media ts-hover-image krautgroup1127287 nofancybox\" rel=\"krautgroup1127287\" data-effect=\"random\" data-nohashes=\"true\" data-usecors=\"global\" data-save=\"0\" data-share=\"0\"><\/a><div id=\"krautgroup1127287-5-parent\" class=\"krautgroup1127287-parent  ts-flipster-tile\"><img decoding=\"async\" src=\"https:\/\/www.xalps.com\/lex\/wp-content\/uploads\/2018\/08\/Stoder180804_Lex_078-300x202.jpg\" alt=\"Stoder180804_Lex_078-300x202\" loading=\"eager\" data-no-lazy=\"1\"><div class=\"ts-flipster-title\">78: Genau wie Primoz<\/div><\/div><\/li><li class=\"krautgrid-item kraut-lightbox-image \" data-category=\"\" style=\"max-width: 450px;\"><a id=\"krautgroup1127287-6\" href=\"https:\/\/www.xalps.com\/lex\/wp-content\/uploads\/2018\/08\/Stoder180804_Lex_072.jpg\" target=\"_blank\" data-thumbnail=\"https:\/\/www.xalps.com\/lex\/wp-content\/uploads\/2018\/08\/Stoder180804_Lex_072-300x200.jpg\" data-title=\"72: Say hi, Tilen #3\" class=\"kraut-lightbox-media ts-hover-image krautgroup1127287 nofancybox\" rel=\"krautgroup1127287\" data-effect=\"random\" data-nohashes=\"true\" data-usecors=\"global\" data-save=\"0\" data-share=\"0\"><\/a><div id=\"krautgroup1127287-6-parent\" class=\"krautgroup1127287-parent  ts-flipster-tile\"><img decoding=\"async\" src=\"https:\/\/www.xalps.com\/lex\/wp-content\/uploads\/2018\/08\/Stoder180804_Lex_072-300x200.jpg\" alt=\"Stoder180804_Lex_072-300x200\" loading=\"eager\" data-no-lazy=\"1\"><div class=\"ts-flipster-title\">72: Say hi, Tilen #3<\/div><\/div><\/li><li class=\"krautgrid-item kraut-lightbox-image \" data-category=\"\" style=\"max-width: 450px;\"><a id=\"krautgroup1127287-7\" href=\"https:\/\/www.xalps.com\/lex\/wp-content\/uploads\/2018\/08\/Stoder180804_Lex_092.jpg\" target=\"_blank\" data-thumbnail=\"https:\/\/www.xalps.com\/lex\/wp-content\/uploads\/2018\/08\/Stoder180804_Lex_092-300x146.jpg\" data-title=\"92: Bei so langen Gleitpassagen macht sich halt doch der Leistungsunterschied von Serienklasse zu Competition Class bemerkbar... \nNachdem wir uns per Funkt abgestimmt hatten, was wohl der beste Anschluss-Punkt am Steinkarzinken sein m\u00fcsste stieg Tilen endg\u00fcltig ins Vollgas - ohne merklich mehr Sinken, daf\u00fcr mit doch sp\u00fcrbarem Geschwindigkeitsvorteil (3-5 km\/h?)\" class=\"kraut-lightbox-media ts-hover-image krautgroup1127287 nofancybox\" rel=\"krautgroup1127287\" data-effect=\"random\" data-nohashes=\"true\" data-usecors=\"global\" data-save=\"0\" data-share=\"0\"><\/a><div id=\"krautgroup1127287-7-parent\" class=\"krautgroup1127287-parent  ts-flipster-tile\"><img decoding=\"async\" src=\"https:\/\/www.xalps.com\/lex\/wp-content\/uploads\/2018\/08\/Stoder180804_Lex_092-300x146.jpg\" alt=\"Stoder180804_Lex_092-300x146\" loading=\"eager\" data-no-lazy=\"1\"><div class=\"ts-flipster-title\">92: Bei so langen Gleitpassagen macht sich halt doch der Leistungsunterschied von Serienklasse zu Competition Class bemerkbar... \nNachdem wir uns per Funkt abgestimmt hatten, was wohl der beste Anschluss-Punkt am Steinkarzinken sein m\u00fcsste stieg Tilen endg\u00fcltig ins Vollgas - ohne merklich mehr Sinken, daf\u00fcr mit doch sp\u00fcrbarem Geschwindigkeitsvorteil (3-5 km\/h?)<\/div><\/div><\/li><li class=\"krautgrid-item kraut-lightbox-image \" data-category=\"\" style=\"max-width: 450px;\"><a id=\"krautgroup1127287-8\" href=\"https:\/\/www.xalps.com\/lex\/wp-content\/uploads\/2018\/08\/Stoder180804_Lex_107.jpg\" target=\"_blank\" data-thumbnail=\"https:\/\/www.xalps.com\/lex\/wp-content\/uploads\/2018\/08\/Stoder180804_Lex_107-300x91.jpg\" data-title=\"107: 180\u00b0-Ennstal-Pano von Kammspitz (rechts) bis Spateck (links)\" class=\"kraut-lightbox-media ts-hover-image krautgroup1127287 nofancybox\" rel=\"krautgroup1127287\" data-effect=\"random\" data-usecors=\"global\" data-save=\"0\" data-share=\"0\" data-play=\"1\" data-play=\"1\" data-autoplay=\"0\" data-duration=\"5000\" data-thumbsize=\"120\" data-thumbs=\"bottom\"  data-nohashes=\"true\"><\/a><div id=\"krautgroup1127287-8-parent\" class=\"krautgroup1127287-parent  ts-flipster-tile\"><img decoding=\"async\" src=\"https:\/\/www.xalps.com\/lex\/wp-content\/uploads\/2018\/08\/Stoder180804_Lex_107-300x91.jpg\" alt=\"Stoder180804_Lex_107-300x91\" loading=\"eager\" data-no-lazy=\"1\"><div class=\"ts-flipster-title\">107: 180\u00b0-Ennstal-Pano von Kammspitz (rechts) bis Spateck (links)<\/div><\/div><\/li><\/ul><\/div><\/div><\/div><div id=\"ts-advanced-textblock-container-7945731\" class=\"ts-advanced-textblock-container    \" data-viewport-class=\"ts-infinite-css-\" data-viewport-offset=\"bottom-in-view\" data-viewport-delay=\"0\" data-viewport-opacity=\"1\" data-viewport-mobile=\"false\" data-shadow-active=\"false\" data-shadow-class=\"\"  data-height-type=\"auto\" data-height-fixed=\"200\" data-height-minimum=\"200\" data-height-maximum=\"200\"><div id=\"ts-advanced-textblock-content-7945731\" class=\"ts-advanced-textblock-content\" data-scroll-nice=\"false\" data-scroll-color=\"#cacaca\" data-scroll-background=\"#ededed\" data-scroll-init=\"false\">Wie konnte ich nur an diesem Tag zweifeln??? Klarer 300er-Tag &#8211; im nachhinein gesehen&#8230;<br \/>\nDiesmal keine Luftbaustellen, sondern am Boden (!?!) &#8211; Leider erst mit einer halben Stunde Versp\u00e4tung in der Luft. Mit mittlerweile guter Gebietskenntnis und beherztem Gasfu\u00df konnte ich diese L\u00fccke aber noch vor der ersten Wende schlie\u00dfen und den Flug gemeinsam mit Primoz und Tilen auf wunderbare (und effiziente!) Weise vollenden.<\/p>\n<p>Der komplette Fotobericht mit 115 Fotos ist unter\u00a0<a href=\"http:\/\/www.xalps.com\/lex\/project\/180731_stoder\" target=\"_blank\" rel=\"noopener\">http:\/\/www.xalps.com\/lex\/project\/180731_stoder<\/a> zu finden.<\/div><\/div><div class=\"vc_separator wpb_content_element vc_separator_align_center vc_sep_width_100 vc_sep_shadow vc_sep_pos_align_center vc_separator_no_text vc_sep_color_grey wpb_content_element  wpb_content_element\" ><span class=\"vc_sep_holder vc_sep_holder_l\"><span class=\"vc_sep_line\"><\/span><\/span><span class=\"vc_sep_holder vc_sep_holder_r\"><span class=\"vc_sep_line\"><\/span><\/span>\n<\/div><div id=\"ts-advanced-textblock-container-4611728\" class=\"ts-advanced-textblock-container    \" data-viewport-class=\"ts-infinite-css-\" data-viewport-offset=\"bottom-in-view\" data-viewport-delay=\"0\" data-viewport-opacity=\"1\" data-viewport-mobile=\"false\" data-shadow-active=\"false\" data-shadow-class=\"\"  data-height-type=\"auto\" data-height-fixed=\"200\" data-height-minimum=\"200\" data-height-maximum=\"200\"><div id=\"ts-advanced-textblock-content-4611728\" class=\"ts-advanced-textblock-content\" data-scroll-nice=\"false\" data-scroll-color=\"#cacaca\" data-scroll-background=\"#ededed\" data-scroll-init=\"false\">Durch diese letzten Fl\u00fcge schaut es sowohl in der Streckenflug-Landes- als auch der -Staatsmeisterschaft nicht schlecht aus, wo ich derzeit jeweils auf Platz 1 stehe:<\/div><\/div><\/div><\/div><\/div><\/div><div class=\"vc_row wpb_row vc_row-fluid\"><div class=\"wpb_column vc_column_container vc_col-sm-6\"><div class=\"vc_column-inner\"><div class=\"wpb_wrapper\"><div id=\"9052\" class=\"krautgrid-item krautgrid-tile kraut-lightbox-single kraut-lightbox-image 9052-parent    kraut-lightbox-hover-zoom\" style=\"margin-top: 0px; margin-bottom: 0px; width: 100%; height: 100%; margin-left: auto; margin-right: auto; float: none;\"><a href=\"https:\/\/www.xalps.com\/lex\/wp-content\/uploads\/2018\/08\/XCLandesmeister180807.jpg\" class=\"kraut-lightbox-media nofancybox no-ajaxy\" data-title=\"XC-Landesmeisterschaft: Zwischenstand vom 7.8.18\" rel=\"krautgroup\" data-thumbnail=\"https:\/\/www.xalps.com\/lex\/wp-content\/uploads\/2018\/08\/XCLandesmeister180807.jpg\" data-usecors=\"global\" data-save=\"0\" data-share=\"0\" data-effect=\"random\" data-duration=\"5000\" data-nohashes=\"true\"><img decoding=\"async\" class=\"krautgrid-image-zoom\" src=\"https:\/\/www.xalps.com\/lex\/wp-content\/uploads\/2018\/08\/XCLandesmeister180807.jpg\" srcset=\"https:\/\/www.xalps.com\/lex\/wp-content\/uploads\/2018\/08\/XCLandesmeister180807.jpg 668w, https:\/\/www.xalps.com\/lex\/wp-content\/uploads\/2018\/08\/XCLandesmeister180807-231x300.jpg 231w, https:\/\/www.xalps.com\/lex\/wp-content\/uploads\/2018\/08\/XCLandesmeister180807-592x770.jpg 592w\" alt=\"h\" title=\"\" style=\"display: block; width: 100%; height: auto;\"><div class=\"krautgrid-caption \" style=\"background-color: rgba(24,24,24,0.3); \"><\/div><div class=\"krautgrid-caption-text\" style=\"background: rgba(0,0,0,0.4); color: #ffffff;\">XC-Landesmeisterschaft: Zwischenstand vom 7.8.18<\/div><\/a><\/div><\/div><\/div><\/div><div class=\"wpb_column vc_column_container vc_col-sm-6\"><div class=\"vc_column-inner\"><div class=\"wpb_wrapper\"><div id=\"8708\" class=\"krautgrid-item krautgrid-tile kraut-lightbox-single kraut-lightbox-image 8708-parent    kraut-lightbox-hover-zoom\" style=\"margin-top: 0px; margin-bottom: 0px; width: 100%; height: 100%; margin-left: auto; margin-right: auto; float: none;\"><a href=\"https:\/\/www.xalps.com\/lex\/wp-content\/uploads\/2018\/07\/Staatsmeisterschafts-Zwischenwertung180715.jpg\" class=\"kraut-lightbox-media nofancybox no-ajaxy\" data-title=\"\" rel=\"krautgroup\" data-thumbnail=\"https:\/\/www.xalps.com\/lex\/wp-content\/uploads\/2018\/07\/Staatsmeisterschafts-Zwischenwertung180715.jpg\" data-usecors=\"global\" data-save=\"0\" data-share=\"0\" data-effect=\"random\" data-duration=\"5000\" data-nohashes=\"true\"><img decoding=\"async\" class=\"krautgrid-image-zoom\" src=\"https:\/\/www.xalps.com\/lex\/wp-content\/uploads\/2018\/07\/Staatsmeisterschafts-Zwischenwertung180715.jpg\" srcset=\"https:\/\/www.xalps.com\/lex\/wp-content\/uploads\/2018\/07\/Staatsmeisterschafts-Zwischenwertung180715.jpg 731w, https:\/\/www.xalps.com\/lex\/wp-content\/uploads\/2018\/07\/Staatsmeisterschafts-Zwischenwertung180715-182x300.jpg 182w, https:\/\/www.xalps.com\/lex\/wp-content\/uploads\/2018\/07\/Staatsmeisterschafts-Zwischenwertung180715-592x973.jpg 592w\" alt=\"h\" title=\"\" style=\"display: block; width: 100%; height: auto;\"><div class=\"krautgrid-caption \" style=\"background-color: rgba(24,24,24,0.3); \"><\/div><\/a><\/div><\/div><\/div><\/div><\/div><div class=\"vc_row wpb_row vc_row-fluid\"><div class=\"wpb_column vc_column_container vc_col-sm-12\"><div class=\"vc_column-inner\"><div class=\"wpb_wrapper\"><div id=\"ts-advanced-textblock-container-7315183\" class=\"ts-advanced-textblock-container    \" data-viewport-class=\"ts-infinite-css-\" data-viewport-offset=\"bottom-in-view\" data-viewport-delay=\"0\" data-viewport-opacity=\"1\" data-viewport-mobile=\"false\" data-shadow-active=\"false\" data-shadow-class=\"\"  data-height-type=\"auto\" data-height-fixed=\"200\" data-height-minimum=\"200\" data-height-maximum=\"200\"><div id=\"ts-advanced-textblock-content-7315183\" class=\"ts-advanced-textblock-content\" data-scroll-nice=\"false\" data-scroll-color=\"#cacaca\" data-scroll-background=\"#ededed\" data-scroll-init=\"false\">Aber wie immer gilt &#8222;It ain&#8217;t over, till it&#8217;s over!&#8220;, denn unsere anderen XC-Hochkar\u00e4ter haben noch einige Wochen potenziell guter Streckenflugtage vor sich.<br \/>\nAlles in allem also doch wieder eine fantastische Gleitschirm-Saison 2018 &#8211; in der es mir wieder viele Momente gezeigt haben, wie sehr mir die Tuchfliegerei unter die Haut geht &#8211; nach 17 Jahren noch immer! \ud83d\ude42<\/p>\n<div id=\"js_qo\" class=\"_5pbx userContent _3576\" data-ft=\"{&quot;tn&quot;:&quot;K&quot;}\">\n<p>Ein besonderer Dank auch dieses Jahr meinen Unterst\u00fctzern\u00a0<a class=\"profileLink\" href=\"https:\/\/flyozone.com\/\" target=\"_blank\" rel=\"noopener\" data-hovercard=\"\/ajax\/hovercard\/page.php?id=29393522258&amp;extragetparams=%7B%22fref%22%3A%22mentions%22%7D\" data-hovercard-prefer-more-content-show=\"1\">OZONE Paragliders<\/a>,\u00a0<a class=\"profileLink\" href=\"http:\/\/www.aht.at\/\" target=\"_blank\" rel=\"noopener\" data-hovercard=\"\/ajax\/hovercard\/page.php?id=158430304214370&amp;extragetparams=%7B%22fref%22%3A%22mentions%22%7D\" data-hovercard-prefer-more-content-show=\"1\">AHT Cooling Systems GmbH<\/a>,\u00a0<a class=\"profileLink\" href=\"http:\/\/www.naviter.com\" target=\"_blank\" rel=\"noopener\" data-hovercard=\"\/ajax\/hovercard\/page.php?id=63216395347&amp;extragetparams=%7B%22fref%22%3A%22mentions%22%7D\" data-hovercard-prefer-more-content-show=\"1\">Naviter<\/a>,\u00a0<a class=\"profileLink\" href=\"https:\/\/www.injoy-liezen.at\/\" target=\"_blank\" rel=\"noopener\" data-hovercard=\"\/ajax\/hovercard\/page.php?id=321866274578188&amp;extragetparams=%7B%22fref%22%3A%22mentions%22%7D\" data-hovercard-prefer-more-content-show=\"1\">Injoy Liezen<\/a>,\u00a0<a class=\"profileLink\" href=\"http:\/\/www.aeroclub.at\" target=\"_blank\" rel=\"noopener\" data-hovercard=\"\/ajax\/hovercard\/page.php?id=829128067142560&amp;extragetparams=%7B%22fref%22%3A%22mentions%22%7D\" data-hovercard-prefer-more-content-show=\"1\">\u00d6sterreichischer Aero-Club<\/a>,\u00a0<a class=\"profileLink\" href=\"http:\/\/www.airsthetik.at\" target=\"_blank\" rel=\"noopener\" data-hovercard=\"\/ajax\/hovercard\/page.php?id=197569791049&amp;extragetparams=%7B%22fref%22%3A%22mentions%22%7D\" data-hovercard-prefer-more-content-show=\"1\">Airsthetik<\/a>, <a href=\"http:\/\/www.liezen.at\" target=\"_blank\" rel=\"noopener\">Stadt Liezen<\/a>\u00a0und\u00a0<a href=\"http:\/\/www.flywear.at\" target=\"_blank\" rel=\"noopener\">Flywear<\/a>.<\/p>\n<\/div>\n<p>&nbsp;<\/p>\n<p>&nbsp;<\/p>\n<\/div><\/div><\/div><\/div><\/div><\/div>\n<\/div>","protected":false},"excerpt":{"rendered":"Es hatte schon den Anschein, als w\u00e4re die heurige Streckenflug-Saison in den Ostalpen komplett abzuschreiben. So vielversprechend der April auch begann, so sehr lie\u00dfen sich Mai bis Juli bitten. Speziell an der Nordseite war es entweder zu labil mit Nachmittagsgewittern - und blieb's mal trocken, hatte es mehr als 20km\/h Wind - nicht geeignet f\u00fcr [...]","protected":false},"author":4,"featured_media":9050,"comment_status":"open","ping_status":"closed","sticky":false,"template":"","format":"image","meta":{"footnotes":""},"categories":[7,3],"tags":[],"class_list":["post-9049","post","type-post","status-publish","format-image","has-post-thumbnail","hentry","category-leistungen","category-news","post_format-post-format-image"],"yoast_head":"<!-- This site is optimized with the Yoast SEO plugin v28.0 - https:\/\/yoast.com\/product\/yoast-seo-wordpress\/ -->\n<title>Bildberichte der heimischen XC-Saison online und Saison-Fazit - Paragliding Homebase of Lex Rob\u00e9<\/title>\n<meta name=\"robots\" content=\"index, follow, max-snippet:-1, max-image-preview:large, max-video-preview:-1\" \/>\n<link rel=\"canonical\" href=\"https:\/\/www.xalps.com\/lex\/fazit2018\/\" \/>\n<meta property=\"og:locale\" content=\"de_DE\" \/>\n<meta property=\"og:type\" content=\"article\" \/>\n<meta property=\"og:title\" content=\"Bildberichte der heimischen XC-Saison online und Saison-Fazit - Paragliding Homebase of Lex Rob\u00e9\" \/>\n<meta property=\"og:url\" content=\"https:\/\/www.xalps.com\/lex\/fazit2018\/\" \/>\n<meta property=\"og:site_name\" content=\"Paragliding Homebase of Lex Rob\u00e9\" \/>\n<meta property=\"article:publisher\" content=\"https:\/\/www.facebook.com\/lexrobe\" \/>\n<meta property=\"article:published_time\" content=\"2018-08-07T06:04:32+00:00\" \/>\n<meta property=\"article:modified_time\" content=\"2018-09-15T05:53:04+00:00\" \/>\n<meta property=\"og:image\" content=\"https:\/\/www.xalps.com\/lex\/wp-content\/uploads\/2018\/08\/XCFl\u00fcge18.jpg\" \/>\n\t<meta property=\"og:image:width\" content=\"1165\" \/>\n\t<meta property=\"og:image:height\" content=\"1016\" \/>\n\t<meta property=\"og:image:type\" content=\"image\/jpeg\" \/>\n<meta name=\"author\" content=\"Lex Rob\u00e9\" \/>\n<meta name=\"twitter:card\" content=\"summary_large_image\" \/>\n<meta name=\"twitter:label1\" content=\"Verfasst von\" \/>\n\t<meta name=\"twitter:data1\" content=\"Lex Rob\u00e9\" \/>\n\t<meta name=\"twitter:label2\" content=\"Gesch\u00e4tzte Lesezeit\" \/>\n\t<meta name=\"twitter:data2\" content=\"7\u00a0Minuten\" \/>\n<script type=\"application\/ld+json\" class=\"yoast-schema-graph\">{\"@context\":\"https:\\\/\\\/schema.org\",\"@graph\":[{\"@type\":\"Article\",\"@id\":\"https:\\\/\\\/www.xalps.com\\\/lex\\\/fazit2018\\\/#article\",\"isPartOf\":{\"@id\":\"https:\\\/\\\/www.xalps.com\\\/lex\\\/fazit2018\\\/\"},\"author\":{\"name\":\"Lex Rob\u00e9\",\"@id\":\"https:\\\/\\\/www.xalps.com\\\/lex\\\/#\\\/schema\\\/person\\\/c1ae55ddf87291c63b22603850664e39\"},\"headline\":\"Bildberichte der heimischen XC-Saison online und Saison-Fazit\",\"datePublished\":\"2018-08-07T06:04:32+00:00\",\"dateModified\":\"2018-09-15T05:53:04+00:00\",\"mainEntityOfPage\":{\"@id\":\"https:\\\/\\\/www.xalps.com\\\/lex\\\/fazit2018\\\/\"},\"wordCount\":1440,\"commentCount\":0,\"image\":{\"@id\":\"https:\\\/\\\/www.xalps.com\\\/lex\\\/fazit2018\\\/#primaryimage\"},\"thumbnailUrl\":\"https:\\\/\\\/www.xalps.com\\\/lex\\\/wp-content\\\/uploads\\\/2018\\\/08\\\/XCFl\u00fcge18.jpg\",\"articleSection\":[\"Leistungen\",\"News\"],\"inLanguage\":\"de\",\"potentialAction\":[{\"@type\":\"CommentAction\",\"name\":\"Comment\",\"target\":[\"https:\\\/\\\/www.xalps.com\\\/lex\\\/fazit2018\\\/#respond\"]}]},{\"@type\":\"WebPage\",\"@id\":\"https:\\\/\\\/www.xalps.com\\\/lex\\\/fazit2018\\\/\",\"url\":\"https:\\\/\\\/www.xalps.com\\\/lex\\\/fazit2018\\\/\",\"name\":\"Bildberichte der heimischen XC-Saison online und Saison-Fazit - Paragliding Homebase of Lex Rob\u00e9\",\"isPartOf\":{\"@id\":\"https:\\\/\\\/www.xalps.com\\\/lex\\\/#website\"},\"primaryImageOfPage\":{\"@id\":\"https:\\\/\\\/www.xalps.com\\\/lex\\\/fazit2018\\\/#primaryimage\"},\"image\":{\"@id\":\"https:\\\/\\\/www.xalps.com\\\/lex\\\/fazit2018\\\/#primaryimage\"},\"thumbnailUrl\":\"https:\\\/\\\/www.xalps.com\\\/lex\\\/wp-content\\\/uploads\\\/2018\\\/08\\\/XCFl\u00fcge18.jpg\",\"datePublished\":\"2018-08-07T06:04:32+00:00\",\"dateModified\":\"2018-09-15T05:53:04+00:00\",\"author\":{\"@id\":\"https:\\\/\\\/www.xalps.com\\\/lex\\\/#\\\/schema\\\/person\\\/c1ae55ddf87291c63b22603850664e39\"},\"breadcrumb\":{\"@id\":\"https:\\\/\\\/www.xalps.com\\\/lex\\\/fazit2018\\\/#breadcrumb\"},\"inLanguage\":\"de\",\"potentialAction\":[{\"@type\":\"ReadAction\",\"target\":[\"https:\\\/\\\/www.xalps.com\\\/lex\\\/fazit2018\\\/\"]}]},{\"@type\":\"ImageObject\",\"inLanguage\":\"de\",\"@id\":\"https:\\\/\\\/www.xalps.com\\\/lex\\\/fazit2018\\\/#primaryimage\",\"url\":\"https:\\\/\\\/www.xalps.com\\\/lex\\\/wp-content\\\/uploads\\\/2018\\\/08\\\/XCFl\u00fcge18.jpg\",\"contentUrl\":\"https:\\\/\\\/www.xalps.com\\\/lex\\\/wp-content\\\/uploads\\\/2018\\\/08\\\/XCFl\u00fcge18.jpg\",\"width\":1165,\"height\":1016,\"caption\":\"Fotoberichte der besten Fl\u00fcge 2018\"},{\"@type\":\"BreadcrumbList\",\"@id\":\"https:\\\/\\\/www.xalps.com\\\/lex\\\/fazit2018\\\/#breadcrumb\",\"itemListElement\":[{\"@type\":\"ListItem\",\"position\":1,\"name\":\"Startseite\",\"item\":\"https:\\\/\\\/www.xalps.com\\\/lex\\\/\"},{\"@type\":\"ListItem\",\"position\":2,\"name\":\"Bildberichte der heimischen XC-Saison online und Saison-Fazit\"}]},{\"@type\":\"WebSite\",\"@id\":\"https:\\\/\\\/www.xalps.com\\\/lex\\\/#website\",\"url\":\"https:\\\/\\\/www.xalps.com\\\/lex\\\/\",\"name\":\"Paragliding Homebase of Lex Rob\u00e9\",\"description\":\"Welcome to the world of my wings!\",\"potentialAction\":[{\"@type\":\"SearchAction\",\"target\":{\"@type\":\"EntryPoint\",\"urlTemplate\":\"https:\\\/\\\/www.xalps.com\\\/lex\\\/?s={search_term_string}\"},\"query-input\":{\"@type\":\"PropertyValueSpecification\",\"valueRequired\":true,\"valueName\":\"search_term_string\"}}],\"inLanguage\":\"de\"},{\"@type\":\"Person\",\"@id\":\"https:\\\/\\\/www.xalps.com\\\/lex\\\/#\\\/schema\\\/person\\\/c1ae55ddf87291c63b22603850664e39\",\"name\":\"Lex Rob\u00e9\",\"image\":{\"@type\":\"ImageObject\",\"inLanguage\":\"de\",\"@id\":\"https:\\\/\\\/secure.gravatar.com\\\/avatar\\\/ba8fce7f9b3390ccd61c810d44eb874e37ce626cc920ab5c79460d3e59b99933?s=96&d=mm&r=r\",\"url\":\"https:\\\/\\\/secure.gravatar.com\\\/avatar\\\/ba8fce7f9b3390ccd61c810d44eb874e37ce626cc920ab5c79460d3e59b99933?s=96&d=mm&r=r\",\"contentUrl\":\"https:\\\/\\\/secure.gravatar.com\\\/avatar\\\/ba8fce7f9b3390ccd61c810d44eb874e37ce626cc920ab5c79460d3e59b99933?s=96&d=mm&r=r\",\"caption\":\"Lex Rob\u00e9\"},\"sameAs\":[\"http:\\\/\\\/lex.xalps.com\"]}]}<\/script>\n<!-- \/ Yoast SEO plugin. -->","yoast_head_json":{"title":"Bildberichte der heimischen XC-Saison online und Saison-Fazit - Paragliding Homebase of Lex Rob\u00e9","robots":{"index":"index","follow":"follow","max-snippet":"max-snippet:-1","max-image-preview":"max-image-preview:large","max-video-preview":"max-video-preview:-1"},"canonical":"https:\/\/www.xalps.com\/lex\/fazit2018\/","og_locale":"de_DE","og_type":"article","og_title":"Bildberichte der heimischen XC-Saison online und Saison-Fazit - Paragliding Homebase of Lex Rob\u00e9","og_url":"https:\/\/www.xalps.com\/lex\/fazit2018\/","og_site_name":"Paragliding Homebase of Lex Rob\u00e9","article_publisher":"https:\/\/www.facebook.com\/lexrobe","article_published_time":"2018-08-07T06:04:32+00:00","article_modified_time":"2018-09-15T05:53:04+00:00","og_image":[{"width":1165,"height":1016,"url":"https:\/\/www.xalps.com\/lex\/wp-content\/uploads\/2018\/08\/XCFl\u00fcge18.jpg","type":"image\/jpeg"}],"author":"Lex Rob\u00e9","twitter_card":"summary_large_image","twitter_misc":{"Verfasst von":"Lex Rob\u00e9","Gesch\u00e4tzte Lesezeit":"7\u00a0Minuten"},"schema":{"@context":"https:\/\/schema.org","@graph":[{"@type":"Article","@id":"https:\/\/www.xalps.com\/lex\/fazit2018\/#article","isPartOf":{"@id":"https:\/\/www.xalps.com\/lex\/fazit2018\/"},"author":{"name":"Lex Rob\u00e9","@id":"https:\/\/www.xalps.com\/lex\/#\/schema\/person\/c1ae55ddf87291c63b22603850664e39"},"headline":"Bildberichte der heimischen XC-Saison online und Saison-Fazit","datePublished":"2018-08-07T06:04:32+00:00","dateModified":"2018-09-15T05:53:04+00:00","mainEntityOfPage":{"@id":"https:\/\/www.xalps.com\/lex\/fazit2018\/"},"wordCount":1440,"commentCount":0,"image":{"@id":"https:\/\/www.xalps.com\/lex\/fazit2018\/#primaryimage"},"thumbnailUrl":"https:\/\/www.xalps.com\/lex\/wp-content\/uploads\/2018\/08\/XCFl\u00fcge18.jpg","articleSection":["Leistungen","News"],"inLanguage":"de","potentialAction":[{"@type":"CommentAction","name":"Comment","target":["https:\/\/www.xalps.com\/lex\/fazit2018\/#respond"]}]},{"@type":"WebPage","@id":"https:\/\/www.xalps.com\/lex\/fazit2018\/","url":"https:\/\/www.xalps.com\/lex\/fazit2018\/","name":"Bildberichte der heimischen XC-Saison online und Saison-Fazit - Paragliding Homebase of Lex Rob\u00e9","isPartOf":{"@id":"https:\/\/www.xalps.com\/lex\/#website"},"primaryImageOfPage":{"@id":"https:\/\/www.xalps.com\/lex\/fazit2018\/#primaryimage"},"image":{"@id":"https:\/\/www.xalps.com\/lex\/fazit2018\/#primaryimage"},"thumbnailUrl":"https:\/\/www.xalps.com\/lex\/wp-content\/uploads\/2018\/08\/XCFl\u00fcge18.jpg","datePublished":"2018-08-07T06:04:32+00:00","dateModified":"2018-09-15T05:53:04+00:00","author":{"@id":"https:\/\/www.xalps.com\/lex\/#\/schema\/person\/c1ae55ddf87291c63b22603850664e39"},"breadcrumb":{"@id":"https:\/\/www.xalps.com\/lex\/fazit2018\/#breadcrumb"},"inLanguage":"de","potentialAction":[{"@type":"ReadAction","target":["https:\/\/www.xalps.com\/lex\/fazit2018\/"]}]},{"@type":"ImageObject","inLanguage":"de","@id":"https:\/\/www.xalps.com\/lex\/fazit2018\/#primaryimage","url":"https:\/\/www.xalps.com\/lex\/wp-content\/uploads\/2018\/08\/XCFl\u00fcge18.jpg","contentUrl":"https:\/\/www.xalps.com\/lex\/wp-content\/uploads\/2018\/08\/XCFl\u00fcge18.jpg","width":1165,"height":1016,"caption":"Fotoberichte der besten Fl\u00fcge 2018"},{"@type":"BreadcrumbList","@id":"https:\/\/www.xalps.com\/lex\/fazit2018\/#breadcrumb","itemListElement":[{"@type":"ListItem","position":1,"name":"Startseite","item":"https:\/\/www.xalps.com\/lex\/"},{"@type":"ListItem","position":2,"name":"Bildberichte der heimischen XC-Saison online und Saison-Fazit"}]},{"@type":"WebSite","@id":"https:\/\/www.xalps.com\/lex\/#website","url":"https:\/\/www.xalps.com\/lex\/","name":"Paragliding Homebase of Lex Rob\u00e9","description":"Welcome to the world of my wings!","potentialAction":[{"@type":"SearchAction","target":{"@type":"EntryPoint","urlTemplate":"https:\/\/www.xalps.com\/lex\/?s={search_term_string}"},"query-input":{"@type":"PropertyValueSpecification","valueRequired":true,"valueName":"search_term_string"}}],"inLanguage":"de"},{"@type":"Person","@id":"https:\/\/www.xalps.com\/lex\/#\/schema\/person\/c1ae55ddf87291c63b22603850664e39","name":"Lex Rob\u00e9","image":{"@type":"ImageObject","inLanguage":"de","@id":"https:\/\/secure.gravatar.com\/avatar\/ba8fce7f9b3390ccd61c810d44eb874e37ce626cc920ab5c79460d3e59b99933?s=96&d=mm&r=r","url":"https:\/\/secure.gravatar.com\/avatar\/ba8fce7f9b3390ccd61c810d44eb874e37ce626cc920ab5c79460d3e59b99933?s=96&d=mm&r=r","contentUrl":"https:\/\/secure.gravatar.com\/avatar\/ba8fce7f9b3390ccd61c810d44eb874e37ce626cc920ab5c79460d3e59b99933?s=96&d=mm&r=r","caption":"Lex Rob\u00e9"},"sameAs":["http:\/\/lex.xalps.com"]}]}},"_links":{"self":[{"href":"https:\/\/www.xalps.com\/lex\/wp-json\/wp\/v2\/posts\/9049","targetHints":{"allow":["GET"]}}],"collection":[{"href":"https:\/\/www.xalps.com\/lex\/wp-json\/wp\/v2\/posts"}],"about":[{"href":"https:\/\/www.xalps.com\/lex\/wp-json\/wp\/v2\/types\/post"}],"author":[{"embeddable":true,"href":"https:\/\/www.xalps.com\/lex\/wp-json\/wp\/v2\/users\/4"}],"replies":[{"embeddable":true,"href":"https:\/\/www.xalps.com\/lex\/wp-json\/wp\/v2\/comments?post=9049"}],"version-history":[{"count":10,"href":"https:\/\/www.xalps.com\/lex\/wp-json\/wp\/v2\/posts\/9049\/revisions"}],"predecessor-version":[{"id":9066,"href":"https:\/\/www.xalps.com\/lex\/wp-json\/wp\/v2\/posts\/9049\/revisions\/9066"}],"wp:featuredmedia":[{"embeddable":true,"href":"https:\/\/www.xalps.com\/lex\/wp-json\/wp\/v2\/media\/9050"}],"wp:attachment":[{"href":"https:\/\/www.xalps.com\/lex\/wp-json\/wp\/v2\/media?parent=9049"}],"wp:term":[{"taxonomy":"category","embeddable":true,"href":"https:\/\/www.xalps.com\/lex\/wp-json\/wp\/v2\/categories?post=9049"},{"taxonomy":"post_tag","embeddable":true,"href":"https:\/\/www.xalps.com\/lex\/wp-json\/wp\/v2\/tags?post=9049"}],"curies":[{"name":"wp","href":"https:\/\/api.w.org\/{rel}","templated":true}]}}