{"id":4689,"date":"2015-04-20T07:32:25","date_gmt":"2015-04-20T06:32:25","guid":{"rendered":"http:\/\/www.xalps.com\/lex\/?p=4689"},"modified":"2015-10-02T17:48:15","modified_gmt":"2015-10-02T16:48:15","slug":"neue-persoenliche-bestleistung-259km-fai-dreieck","status":"publish","type":"post","link":"https:\/\/www.xalps.com\/lex\/neue-persoenliche-bestleistung-259km-fai-dreieck\/","title":{"rendered":"Neue Pers\u00f6nliche Bestleistung: 259km FAI-Dreieck"},"content":{"rendered":"<p>Innerhalb einer Woche zwei mal nach S\u00fcdtirol zu fahren, mit 27 kg Marschgep\u00e4ck 2,5 Stunden auf einen Gipfel rauf zu latschen, bis zu 11 Stunden fliegen und dann wieder nach Hause fahren mag f\u00fcr manche etwas verr\u00fcckt anmuten&#8230;<br \/>\nIst es vielleicht auch. Aber nicht f\u00fcr mich und meine gleichgesinnten XC-Buddies. \ud83d\ude42<br \/>\nRitten am 15.4. Walter Wilding und ich noch quasi &#8222;allein&#8220; ins Antholzer Tal, war unsere Steirer-Abordnung gestern (So., 19.4.) gleich nochmal st\u00e4rker &#8211; und das nicht nur gemessen an der Kopfzahl. Halb XC-Steiermark nahm sich ein Herz und gab dem Tag eine Chance.<\/p>\n<p>Diese Woche war wirklich stark f\u00fcr mich in S\u00fcdtirol: in den 2 Fl\u00fcgen insgesamt 20 (!) Stunden Flugzeit mit 500(!!) FAI-Dreieckskilometern &#8211; und das Mitte April *LOL*<\/p>\n<p><a title=\"19.04.15: 259km FAI-Dreieck von der Grente\/ITA\" href=\"http:\/\/www.xalps.com\/lex\/project\/19-04-15-259km-fai-dreieck-von-der-grente\/\">Hier<\/a> geht&#8217;s zu den Foto-Berichten der beiden Fl\u00fcge \u00fcber 240 und 259km.<\/p>\n","protected":false},"excerpt":{"rendered":"<p>Innerhalb einer Woche zwei mal nach S\u00fcdtirol zu fahren, mit 27 kg Marschgep\u00e4ck 2,5 Stunden auf einen Gipfel rauf zu latschen, bis zu 11 Stunden fliegen und dann wieder nach Hause fahren mag f\u00fcr manche etwas verr\u00fcckt anmuten&#8230; Ist es vielleicht auch. Aber nicht f\u00fcr mich und meine gleichgesinnten XC-Buddies. \ud83d\ude42 Ritten am 15.4. Walter [&hellip;]<\/p>\n","protected":false},"author":4,"featured_media":4711,"comment_status":"open","ping_status":"closed","sticky":false,"template":"","format":"standard","meta":{"footnotes":""},"categories":[7,3],"tags":[],"class_list":["post-4689","post","type-post","status-publish","format-standard","has-post-thumbnail","hentry","category-leistungen","category-news"],"yoast_head":"<!-- This site is optimized with the Yoast SEO plugin v28.0 - https:\/\/yoast.com\/product\/yoast-seo-wordpress\/ -->\n<title>Neue Pers\u00f6nliche Bestleistung: 259km FAI-Dreieck - Paragliding Homebase of Lex Rob\u00e9<\/title>\n<meta name=\"robots\" content=\"index, follow, max-snippet:-1, max-image-preview:large, max-video-preview:-1\" \/>\n<link rel=\"canonical\" href=\"https:\/\/www.xalps.com\/lex\/neue-persoenliche-bestleistung-259km-fai-dreieck\/\" \/>\n<meta property=\"og:locale\" content=\"de_DE\" \/>\n<meta property=\"og:type\" content=\"article\" \/>\n<meta property=\"og:title\" content=\"Neue Pers\u00f6nliche Bestleistung: 259km FAI-Dreieck - Paragliding Homebase of Lex Rob\u00e9\" \/>\n<meta property=\"og:description\" content=\"Innerhalb einer Woche zwei mal nach S\u00fcdtirol zu fahren, mit 27 kg Marschgep\u00e4ck 2,5 Stunden auf einen Gipfel rauf zu latschen, bis zu 11 Stunden fliegen und dann wieder nach Hause fahren mag f\u00fcr manche etwas verr\u00fcckt anmuten&#8230; Ist es vielleicht auch. Aber nicht f\u00fcr mich und meine gleichgesinnten XC-Buddies. \ud83d\ude42 Ritten am 15.4. Walter [&hellip;]\" \/>\n<meta property=\"og:url\" content=\"https:\/\/www.xalps.com\/lex\/neue-persoenliche-bestleistung-259km-fai-dreieck\/\" \/>\n<meta property=\"og:site_name\" content=\"Paragliding Homebase of Lex Rob\u00e9\" \/>\n<meta property=\"article:publisher\" content=\"https:\/\/www.facebook.com\/lexrobe\" \/>\n<meta property=\"article:published_time\" content=\"2015-04-20T06:32:25+00:00\" \/>\n<meta property=\"article:modified_time\" content=\"2015-10-02T16:48:15+00:00\" \/>\n<meta property=\"og:image\" content=\"https:\/\/www.xalps.com\/lex\/wp-content\/uploads\/2015\/04\/Grente_150419_web_24.jpg\" \/>\n\t<meta property=\"og:image:width\" content=\"2000\" \/>\n\t<meta property=\"og:image:height\" content=\"1500\" \/>\n\t<meta property=\"og:image:type\" content=\"image\/jpeg\" \/>\n<meta name=\"author\" content=\"Lex Rob\u00e9\" \/>\n<meta name=\"twitter:card\" content=\"summary_large_image\" \/>\n<meta name=\"twitter:label1\" content=\"Verfasst von\" \/>\n\t<meta name=\"twitter:data1\" content=\"Lex Rob\u00e9\" \/>\n\t<meta name=\"twitter:label2\" content=\"Gesch\u00e4tzte Lesezeit\" \/>\n\t<meta name=\"twitter:data2\" content=\"1\u00a0Minute\" \/>\n<script type=\"application\/ld+json\" class=\"yoast-schema-graph\">{\"@context\":\"https:\\\/\\\/schema.org\",\"@graph\":[{\"@type\":\"Article\",\"@id\":\"https:\\\/\\\/www.xalps.com\\\/lex\\\/neue-persoenliche-bestleistung-259km-fai-dreieck\\\/#article\",\"isPartOf\":{\"@id\":\"https:\\\/\\\/www.xalps.com\\\/lex\\\/neue-persoenliche-bestleistung-259km-fai-dreieck\\\/\"},\"author\":{\"name\":\"Lex Rob\u00e9\",\"@id\":\"https:\\\/\\\/www.xalps.com\\\/lex\\\/#\\\/schema\\\/person\\\/c1ae55ddf87291c63b22603850664e39\"},\"headline\":\"Neue Pers\u00f6nliche Bestleistung: 259km FAI-Dreieck\",\"datePublished\":\"2015-04-20T06:32:25+00:00\",\"dateModified\":\"2015-10-02T16:48:15+00:00\",\"mainEntityOfPage\":{\"@id\":\"https:\\\/\\\/www.xalps.com\\\/lex\\\/neue-persoenliche-bestleistung-259km-fai-dreieck\\\/\"},\"wordCount\":139,\"commentCount\":14,\"image\":{\"@id\":\"https:\\\/\\\/www.xalps.com\\\/lex\\\/neue-persoenliche-bestleistung-259km-fai-dreieck\\\/#primaryimage\"},\"thumbnailUrl\":\"https:\\\/\\\/www.xalps.com\\\/lex\\\/wp-content\\\/uploads\\\/2015\\\/04\\\/Grente_150419_web_24.jpg\",\"articleSection\":[\"Leistungen\",\"News\"],\"inLanguage\":\"de\",\"potentialAction\":[{\"@type\":\"CommentAction\",\"name\":\"Comment\",\"target\":[\"https:\\\/\\\/www.xalps.com\\\/lex\\\/neue-persoenliche-bestleistung-259km-fai-dreieck\\\/#respond\"]}]},{\"@type\":\"WebPage\",\"@id\":\"https:\\\/\\\/www.xalps.com\\\/lex\\\/neue-persoenliche-bestleistung-259km-fai-dreieck\\\/\",\"url\":\"https:\\\/\\\/www.xalps.com\\\/lex\\\/neue-persoenliche-bestleistung-259km-fai-dreieck\\\/\",\"name\":\"Neue Pers\u00f6nliche Bestleistung: 259km FAI-Dreieck - Paragliding Homebase of Lex Rob\u00e9\",\"isPartOf\":{\"@id\":\"https:\\\/\\\/www.xalps.com\\\/lex\\\/#website\"},\"primaryImageOfPage\":{\"@id\":\"https:\\\/\\\/www.xalps.com\\\/lex\\\/neue-persoenliche-bestleistung-259km-fai-dreieck\\\/#primaryimage\"},\"image\":{\"@id\":\"https:\\\/\\\/www.xalps.com\\\/lex\\\/neue-persoenliche-bestleistung-259km-fai-dreieck\\\/#primaryimage\"},\"thumbnailUrl\":\"https:\\\/\\\/www.xalps.com\\\/lex\\\/wp-content\\\/uploads\\\/2015\\\/04\\\/Grente_150419_web_24.jpg\",\"datePublished\":\"2015-04-20T06:32:25+00:00\",\"dateModified\":\"2015-10-02T16:48:15+00:00\",\"author\":{\"@id\":\"https:\\\/\\\/www.xalps.com\\\/lex\\\/#\\\/schema\\\/person\\\/c1ae55ddf87291c63b22603850664e39\"},\"breadcrumb\":{\"@id\":\"https:\\\/\\\/www.xalps.com\\\/lex\\\/neue-persoenliche-bestleistung-259km-fai-dreieck\\\/#breadcrumb\"},\"inLanguage\":\"de\",\"potentialAction\":[{\"@type\":\"ReadAction\",\"target\":[\"https:\\\/\\\/www.xalps.com\\\/lex\\\/neue-persoenliche-bestleistung-259km-fai-dreieck\\\/\"]}]},{\"@type\":\"ImageObject\",\"inLanguage\":\"de\",\"@id\":\"https:\\\/\\\/www.xalps.com\\\/lex\\\/neue-persoenliche-bestleistung-259km-fai-dreieck\\\/#primaryimage\",\"url\":\"https:\\\/\\\/www.xalps.com\\\/lex\\\/wp-content\\\/uploads\\\/2015\\\/04\\\/Grente_150419_web_24.jpg\",\"contentUrl\":\"https:\\\/\\\/www.xalps.com\\\/lex\\\/wp-content\\\/uploads\\\/2015\\\/04\\\/Grente_150419_web_24.jpg\",\"width\":2000,\"height\":1500,\"caption\":\"24: Diesmal tats\u00e4chlich NACH SUNSET erst im Endanflug\"},{\"@type\":\"BreadcrumbList\",\"@id\":\"https:\\\/\\\/www.xalps.com\\\/lex\\\/neue-persoenliche-bestleistung-259km-fai-dreieck\\\/#breadcrumb\",\"itemListElement\":[{\"@type\":\"ListItem\",\"position\":1,\"name\":\"Startseite\",\"item\":\"https:\\\/\\\/www.xalps.com\\\/lex\\\/\"},{\"@type\":\"ListItem\",\"position\":2,\"name\":\"Neue Pers\u00f6nliche Bestleistung: 259km FAI-Dreieck\"}]},{\"@type\":\"WebSite\",\"@id\":\"https:\\\/\\\/www.xalps.com\\\/lex\\\/#website\",\"url\":\"https:\\\/\\\/www.xalps.com\\\/lex\\\/\",\"name\":\"Paragliding Homebase of Lex Rob\u00e9\",\"description\":\"Welcome to the world of my wings!\",\"potentialAction\":[{\"@type\":\"SearchAction\",\"target\":{\"@type\":\"EntryPoint\",\"urlTemplate\":\"https:\\\/\\\/www.xalps.com\\\/lex\\\/?s={search_term_string}\"},\"query-input\":{\"@type\":\"PropertyValueSpecification\",\"valueRequired\":true,\"valueName\":\"search_term_string\"}}],\"inLanguage\":\"de\"},{\"@type\":\"Person\",\"@id\":\"https:\\\/\\\/www.xalps.com\\\/lex\\\/#\\\/schema\\\/person\\\/c1ae55ddf87291c63b22603850664e39\",\"name\":\"Lex Rob\u00e9\",\"image\":{\"@type\":\"ImageObject\",\"inLanguage\":\"de\",\"@id\":\"https:\\\/\\\/secure.gravatar.com\\\/avatar\\\/ba8fce7f9b3390ccd61c810d44eb874e37ce626cc920ab5c79460d3e59b99933?s=96&d=mm&r=r\",\"url\":\"https:\\\/\\\/secure.gravatar.com\\\/avatar\\\/ba8fce7f9b3390ccd61c810d44eb874e37ce626cc920ab5c79460d3e59b99933?s=96&d=mm&r=r\",\"contentUrl\":\"https:\\\/\\\/secure.gravatar.com\\\/avatar\\\/ba8fce7f9b3390ccd61c810d44eb874e37ce626cc920ab5c79460d3e59b99933?s=96&d=mm&r=r\",\"caption\":\"Lex Rob\u00e9\"},\"sameAs\":[\"http:\\\/\\\/lex.xalps.com\"]}]}<\/script>\n<!-- \/ Yoast SEO plugin. -->","yoast_head_json":{"title":"Neue Pers\u00f6nliche Bestleistung: 259km FAI-Dreieck - Paragliding Homebase of Lex Rob\u00e9","robots":{"index":"index","follow":"follow","max-snippet":"max-snippet:-1","max-image-preview":"max-image-preview:large","max-video-preview":"max-video-preview:-1"},"canonical":"https:\/\/www.xalps.com\/lex\/neue-persoenliche-bestleistung-259km-fai-dreieck\/","og_locale":"de_DE","og_type":"article","og_title":"Neue Pers\u00f6nliche Bestleistung: 259km FAI-Dreieck - Paragliding Homebase of Lex Rob\u00e9","og_description":"Innerhalb einer Woche zwei mal nach S\u00fcdtirol zu fahren, mit 27 kg Marschgep\u00e4ck 2,5 Stunden auf einen Gipfel rauf zu latschen, bis zu 11 Stunden fliegen und dann wieder nach Hause fahren mag f\u00fcr manche etwas verr\u00fcckt anmuten&#8230; Ist es vielleicht auch. Aber nicht f\u00fcr mich und meine gleichgesinnten XC-Buddies. \ud83d\ude42 Ritten am 15.4. Walter [&hellip;]","og_url":"https:\/\/www.xalps.com\/lex\/neue-persoenliche-bestleistung-259km-fai-dreieck\/","og_site_name":"Paragliding Homebase of Lex Rob\u00e9","article_publisher":"https:\/\/www.facebook.com\/lexrobe","article_published_time":"2015-04-20T06:32:25+00:00","article_modified_time":"2015-10-02T16:48:15+00:00","og_image":[{"width":2000,"height":1500,"url":"https:\/\/www.xalps.com\/lex\/wp-content\/uploads\/2015\/04\/Grente_150419_web_24.jpg","type":"image\/jpeg"}],"author":"Lex Rob\u00e9","twitter_card":"summary_large_image","twitter_misc":{"Verfasst von":"Lex Rob\u00e9","Gesch\u00e4tzte Lesezeit":"1\u00a0Minute"},"schema":{"@context":"https:\/\/schema.org","@graph":[{"@type":"Article","@id":"https:\/\/www.xalps.com\/lex\/neue-persoenliche-bestleistung-259km-fai-dreieck\/#article","isPartOf":{"@id":"https:\/\/www.xalps.com\/lex\/neue-persoenliche-bestleistung-259km-fai-dreieck\/"},"author":{"name":"Lex Rob\u00e9","@id":"https:\/\/www.xalps.com\/lex\/#\/schema\/person\/c1ae55ddf87291c63b22603850664e39"},"headline":"Neue Pers\u00f6nliche Bestleistung: 259km FAI-Dreieck","datePublished":"2015-04-20T06:32:25+00:00","dateModified":"2015-10-02T16:48:15+00:00","mainEntityOfPage":{"@id":"https:\/\/www.xalps.com\/lex\/neue-persoenliche-bestleistung-259km-fai-dreieck\/"},"wordCount":139,"commentCount":14,"image":{"@id":"https:\/\/www.xalps.com\/lex\/neue-persoenliche-bestleistung-259km-fai-dreieck\/#primaryimage"},"thumbnailUrl":"https:\/\/www.xalps.com\/lex\/wp-content\/uploads\/2015\/04\/Grente_150419_web_24.jpg","articleSection":["Leistungen","News"],"inLanguage":"de","potentialAction":[{"@type":"CommentAction","name":"Comment","target":["https:\/\/www.xalps.com\/lex\/neue-persoenliche-bestleistung-259km-fai-dreieck\/#respond"]}]},{"@type":"WebPage","@id":"https:\/\/www.xalps.com\/lex\/neue-persoenliche-bestleistung-259km-fai-dreieck\/","url":"https:\/\/www.xalps.com\/lex\/neue-persoenliche-bestleistung-259km-fai-dreieck\/","name":"Neue Pers\u00f6nliche Bestleistung: 259km FAI-Dreieck - Paragliding Homebase of Lex Rob\u00e9","isPartOf":{"@id":"https:\/\/www.xalps.com\/lex\/#website"},"primaryImageOfPage":{"@id":"https:\/\/www.xalps.com\/lex\/neue-persoenliche-bestleistung-259km-fai-dreieck\/#primaryimage"},"image":{"@id":"https:\/\/www.xalps.com\/lex\/neue-persoenliche-bestleistung-259km-fai-dreieck\/#primaryimage"},"thumbnailUrl":"https:\/\/www.xalps.com\/lex\/wp-content\/uploads\/2015\/04\/Grente_150419_web_24.jpg","datePublished":"2015-04-20T06:32:25+00:00","dateModified":"2015-10-02T16:48:15+00:00","author":{"@id":"https:\/\/www.xalps.com\/lex\/#\/schema\/person\/c1ae55ddf87291c63b22603850664e39"},"breadcrumb":{"@id":"https:\/\/www.xalps.com\/lex\/neue-persoenliche-bestleistung-259km-fai-dreieck\/#breadcrumb"},"inLanguage":"de","potentialAction":[{"@type":"ReadAction","target":["https:\/\/www.xalps.com\/lex\/neue-persoenliche-bestleistung-259km-fai-dreieck\/"]}]},{"@type":"ImageObject","inLanguage":"de","@id":"https:\/\/www.xalps.com\/lex\/neue-persoenliche-bestleistung-259km-fai-dreieck\/#primaryimage","url":"https:\/\/www.xalps.com\/lex\/wp-content\/uploads\/2015\/04\/Grente_150419_web_24.jpg","contentUrl":"https:\/\/www.xalps.com\/lex\/wp-content\/uploads\/2015\/04\/Grente_150419_web_24.jpg","width":2000,"height":1500,"caption":"24: Diesmal tats\u00e4chlich NACH SUNSET erst im Endanflug"},{"@type":"BreadcrumbList","@id":"https:\/\/www.xalps.com\/lex\/neue-persoenliche-bestleistung-259km-fai-dreieck\/#breadcrumb","itemListElement":[{"@type":"ListItem","position":1,"name":"Startseite","item":"https:\/\/www.xalps.com\/lex\/"},{"@type":"ListItem","position":2,"name":"Neue Pers\u00f6nliche Bestleistung: 259km FAI-Dreieck"}]},{"@type":"WebSite","@id":"https:\/\/www.xalps.com\/lex\/#website","url":"https:\/\/www.xalps.com\/lex\/","name":"Paragliding Homebase of Lex Rob\u00e9","description":"Welcome to the world of my wings!","potentialAction":[{"@type":"SearchAction","target":{"@type":"EntryPoint","urlTemplate":"https:\/\/www.xalps.com\/lex\/?s={search_term_string}"},"query-input":{"@type":"PropertyValueSpecification","valueRequired":true,"valueName":"search_term_string"}}],"inLanguage":"de"},{"@type":"Person","@id":"https:\/\/www.xalps.com\/lex\/#\/schema\/person\/c1ae55ddf87291c63b22603850664e39","name":"Lex Rob\u00e9","image":{"@type":"ImageObject","inLanguage":"de","@id":"https:\/\/secure.gravatar.com\/avatar\/ba8fce7f9b3390ccd61c810d44eb874e37ce626cc920ab5c79460d3e59b99933?s=96&d=mm&r=r","url":"https:\/\/secure.gravatar.com\/avatar\/ba8fce7f9b3390ccd61c810d44eb874e37ce626cc920ab5c79460d3e59b99933?s=96&d=mm&r=r","contentUrl":"https:\/\/secure.gravatar.com\/avatar\/ba8fce7f9b3390ccd61c810d44eb874e37ce626cc920ab5c79460d3e59b99933?s=96&d=mm&r=r","caption":"Lex Rob\u00e9"},"sameAs":["http:\/\/lex.xalps.com"]}]}},"_links":{"self":[{"href":"https:\/\/www.xalps.com\/lex\/wp-json\/wp\/v2\/posts\/4689","targetHints":{"allow":["GET"]}}],"collection":[{"href":"https:\/\/www.xalps.com\/lex\/wp-json\/wp\/v2\/posts"}],"about":[{"href":"https:\/\/www.xalps.com\/lex\/wp-json\/wp\/v2\/types\/post"}],"author":[{"embeddable":true,"href":"https:\/\/www.xalps.com\/lex\/wp-json\/wp\/v2\/users\/4"}],"replies":[{"embeddable":true,"href":"https:\/\/www.xalps.com\/lex\/wp-json\/wp\/v2\/comments?post=4689"}],"version-history":[{"count":0,"href":"https:\/\/www.xalps.com\/lex\/wp-json\/wp\/v2\/posts\/4689\/revisions"}],"wp:featuredmedia":[{"embeddable":true,"href":"https:\/\/www.xalps.com\/lex\/wp-json\/wp\/v2\/media\/4711"}],"wp:attachment":[{"href":"https:\/\/www.xalps.com\/lex\/wp-json\/wp\/v2\/media?parent=4689"}],"wp:term":[{"taxonomy":"category","embeddable":true,"href":"https:\/\/www.xalps.com\/lex\/wp-json\/wp\/v2\/categories?post=4689"},{"taxonomy":"post_tag","embeddable":true,"href":"https:\/\/www.xalps.com\/lex\/wp-json\/wp\/v2\/tags?post=4689"}],"curies":[{"name":"wp","href":"https:\/\/api.w.org\/{rel}","templated":true}]}}