{"id":11471,"date":"2022-07-24T06:51:56","date_gmt":"2022-07-24T05:51:56","guid":{"rendered":"https:\/\/www.xalps.com\/lex\/?p=11471"},"modified":"2022-11-12T08:10:55","modified_gmt":"2022-11-12T07:10:55","slug":"stoderzinken_2022","status":"publish","type":"post","link":"https:\/\/www.xalps.com\/lex\/stoderzinken_2022\/","title":{"rendered":"Weitester Stoderzinkenflug 2022: 252km trotz stabiler Bedingungen"},"content":{"rendered":"<div class=\"wpb-content-wrapper\"><div class=\"vc_row wpb_row vc_row-fluid\"><div class=\"wpb_column vc_column_container vc_col-sm-12\"><div class=\"vc_column-inner\"><div class=\"wpb_wrapper\"><div id=\"ts-advanced-textblock-container-5658286\" class=\"ts-advanced-textblock-container    \" data-viewport-class=\"ts-infinite-css-\" data-viewport-offset=\"bottom-in-view\" data-viewport-delay=\"0\" data-viewport-opacity=\"1\" data-viewport-mobile=\"false\" data-shadow-active=\"false\" data-shadow-class=\"\"  data-height-type=\"auto\" data-height-fixed=\"200\" data-height-minimum=\"200\" data-height-maximum=\"200\"><div id=\"ts-advanced-textblock-content-5658286\" class=\"ts-advanced-textblock-content\" data-scroll-nice=\"false\" data-scroll-color=\"#cacaca\" data-scroll-background=\"#ededed\" data-scroll-init=\"false\">\n<div dir=\"auto\">\n<p>Was f\u00fcr ein schwaches XC-Jahr bislang an der Alpen-Nordseite. Obwohl mir bewusst war, dass ich an der Alpen-S\u00fcdseite einen Hammertag in deutlich besserer Luftmasse liegen lasse (Forecast: Basis an die 4000m und wenig Wind) konnte ich nicht anders, als meinem Stoderzinken den Vorzug zu geben. Trotz meiner &#8222;Warnung&#8220; in den diversen Kan\u00e4len, dass es auf der S\u00fcdseite deutlich besser sein w\u00fcrde gesellte sich eine kleine feine Fliegerschar von 42 Stoder-Aficionados um mich. Allen voran Liga-Homie Ady Perner vom HPGC Garstnertal, mit dem ich beim auch heuer wieder famosen Pyhrn-Priel-Cup vereinbart habe: &#8222;Beim n\u00e4chsten guten Tagerl brettern wir die Stoder-Runde mal gemeinsam&#8220; &#8211; Stoder meets Stoder quasi &#x263a;<\/p>\n<p>Besonderes Highlight f\u00fcr mich war die erste nennenswerte Alpenhauptkamm-Querung bei einem Stoderzinken-Dreieck: Endlich mal tief Richtung Lienz getraut, obwohl es schon sp\u00e4t war.<\/p>\n<\/div>\n<div dir=\"auto\">Den Bild-Bericht mit 100(!) Fotos und 3D-Animation zu diesem Fl\u00fcgerl gibt es in den <a href=\"https:\/\/www.xalps.com\/lex\/project\/220719_stoderzinken_253\/\">Flugabenteuern&#8230;<\/a><\/div>\n<\/div><\/div><\/div><\/div><\/div><\/div><div class=\"vc_row wpb_row vc_row-fluid\"><div class=\"wpb_column vc_column_container vc_col-sm-12\"><div class=\"vc_column-inner\"><div class=\"wpb_wrapper\"><div class=\"vc_separator wpb_content_element vc_separator_align_center vc_sep_width_100 vc_sep_shadow vc_sep_pos_align_center vc_separator_no_text vc_sep_color_grey wpb_content_element  wpb_content_element\" ><span class=\"vc_sep_holder vc_sep_holder_l\"><span class=\"vc_sep_line\"><\/span><\/span><span class=\"vc_sep_holder vc_sep_holder_r\"><span class=\"vc_sep_line\"><\/span><\/span>\n<\/div><div id=\"ts-vcsc-image-gallery-4896220\" class=\"ts-image-gallery-wrapper ts-kraut-lightbox-frame   \" data-style=\"flipster\" data-break-parents=\"6\" data-inline=\"false\" style=\"margin-top: 0px; margin-bottom: 0px; position: relative;\"><div id=\"krautgroup4896220-title\" class=\"ts-lightbox-nacho-title\">Impressionen vom trocken-stabilen Stodertagerl<\/div><div id=\"ts-lightbox-gallery-flipster-main-4896220\" class=\"ts-lightbox-gallery-flipster-main\"><div class=\"ts-lightbox-gallery-flipster-preloader\" style=\"height: 300px; position: relative;\"><div id=\"ts-lightbox-gallery-flipster-preloader-4896220\" class=\" ts-preloader-animation-main ts-preloader-animation-1\"><span data-count=\"1\"><\/span><span data-count=\"2\"><\/span><span data-count=\"3\"><\/span><span data-count=\"4\"><\/span><span data-count=\"5\"><\/span><\/div><\/div><div id=\"ts-lightbox-gallery-flipster-wrapper-4896220\" class=\"ts-lightbox-gallery-flipster-wrapper ts-flipster-processing\" style=\"visibility: hidden; position: fixed; top: -99999px; left: -99999px;\"><ul id=\"ts-lightbox-gallery-flipster-holder-4896220\" class=\"ts-lightbox-gallery-flipster-holder\" data-preloader=\"true\" data-style=\"carousel\" data-maxwidth=\"450\" data-spacing=\"-45\" data-start=\"0\" data-loop=\"true\" data-grayout=\"false\" data-mirror=\"true\" data-arrows=\"true\" data-navigation=\"false\" data-click=\"true\" data-wheel=\"false\" data-touch=\"true\" data-keyboard=\"true\" data-autoplay=\"false\" data-speed=\"2000\"><li class=\"krautgrid-item kraut-lightbox-image \" data-category=\"\" style=\"max-width: 450px;\"><a id=\"krautgroup4896220-0\" href=\"https:\/\/www.xalps.com\/lex\/wp-content\/uploads\/2022\/07\/220719_Stoder251_Lex_01d.jpg\" target=\"_blank\" data-thumbnail=\"https:\/\/www.xalps.com\/lex\/wp-content\/uploads\/2022\/07\/220719_Stoder251_Lex_01d-300x169.jpg\" data-title=\"#4: Aufziehen...\nFoto: Walter Wilding\" class=\"kraut-lightbox-media ts-hover-image krautgroup4896220 nofancybox\" rel=\"krautgroup4896220\" data-effect=\"random\" data-nohashes=\"true\" data-usecors=\"global\" data-save=\"0\" data-share=\"0\"><\/a><div id=\"krautgroup4896220-0-parent\" class=\"krautgroup4896220-parent  ts-flipster-tile\"><img decoding=\"async\" src=\"https:\/\/www.xalps.com\/lex\/wp-content\/uploads\/2022\/07\/220719_Stoder251_Lex_01d-300x169.jpg\" alt=\"220719_Stoder251_Lex_01d-300x169\" loading=\"eager\" data-no-lazy=\"1\"><div class=\"ts-flipster-title\">#4: Aufziehen...\nFoto: Walter Wilding<\/div><\/div><\/li><li class=\"krautgrid-item kraut-lightbox-image \" data-category=\"\" style=\"max-width: 450px;\"><a id=\"krautgroup4896220-1\" href=\"https:\/\/www.xalps.com\/lex\/wp-content\/uploads\/2022\/07\/220719_Stoder251_Lex_03.jpg\" target=\"_blank\" data-thumbnail=\"https:\/\/www.xalps.com\/lex\/wp-content\/uploads\/2022\/07\/220719_Stoder251_Lex_03-300x169.jpg\" data-title=\"#9: A so a zache Gschicht. Dank der genialen Steigeigeschaften meines Niviuk X-One und nat\u00fcrlich schon besserer Gebietskenntnis konnte ich mich als erster bis zum Dachstein vorarbeiten. Ja richtig: Dachstein. Denn die Variante \u00fcber den Rossbrand erschien mir bei DER Stabilit\u00e4t heute wie ein Himmelfahrtskommando -> drum sch\u00f6n an den h\u00f6heren Flanken bleiben.\nBis 2300m war voll der Deckel drauf, dar\u00fcber schien die Luftmasse wieder einen etwas besseren Gradient zu haben. Aber da musste man erst mal durchstechen - Ady hatte da vor dem Sinabell gleich mal eine fette Baustelle ausgefasst...\" class=\"kraut-lightbox-media ts-hover-image krautgroup4896220 nofancybox\" rel=\"krautgroup4896220\" data-effect=\"random\" data-nohashes=\"true\" data-usecors=\"global\" data-save=\"0\" data-share=\"0\"><\/a><div id=\"krautgroup4896220-1-parent\" class=\"krautgroup4896220-parent  ts-flipster-tile\"><img decoding=\"async\" src=\"https:\/\/www.xalps.com\/lex\/wp-content\/uploads\/2022\/07\/220719_Stoder251_Lex_03-300x169.jpg\" alt=\"220719_Stoder251_Lex_03-300x169\" loading=\"eager\" data-no-lazy=\"1\"><div class=\"ts-flipster-title\">#9: A so a zache Gschicht. Dank der genialen Steigeigeschaften meines Niviuk X-One und nat\u00fcrlich schon besserer Gebietskenntnis konnte ich mich als erster bis zum Dachstein vorarbeiten. Ja richtig: Dachstein. Denn die Variante \u00fcber den Rossbrand erschien mir bei DER Stabilit\u00e4t heute wie ein Himmelfahrtskommando -> drum sch\u00f6n an den h\u00f6heren Flanken bleiben.\nBis 2300m war voll der Deckel drauf, dar\u00fcber schien die Luftmasse wieder einen etwas besseren Gradient zu haben. Aber da musste man erst mal durchstechen - Ady hatte da vor dem Sinabell gleich mal eine fette Baustelle ausgefasst...<\/div><\/div><\/li><li class=\"krautgrid-item kraut-lightbox-image \" data-category=\"\" style=\"max-width: 450px;\"><a id=\"krautgroup4896220-2\" href=\"https:\/\/www.xalps.com\/lex\/wp-content\/uploads\/2022\/07\/220719_Stoder251_Lex_05.jpg\" target=\"_blank\" data-thumbnail=\"https:\/\/www.xalps.com\/lex\/wp-content\/uploads\/2022\/07\/220719_Stoder251_Lex_05-300x169.jpg\" data-title=\"#11: ENDLICH mal \u00fcber Grat - das erste mal auf \u00fcber 3000m do gfreit er si, da Bua! &#x1f601;\n\" class=\"kraut-lightbox-media ts-hover-image krautgroup4896220 nofancybox\" rel=\"krautgroup4896220\" data-effect=\"random\" data-nohashes=\"true\" data-usecors=\"global\" data-save=\"0\" data-share=\"0\"><\/a><div id=\"krautgroup4896220-2-parent\" class=\"krautgroup4896220-parent  ts-flipster-tile\"><img decoding=\"async\" src=\"https:\/\/www.xalps.com\/lex\/wp-content\/uploads\/2022\/07\/220719_Stoder251_Lex_05-300x169.jpg\" alt=\"220719_Stoder251_Lex_05-300x169\" loading=\"eager\" data-no-lazy=\"1\"><div class=\"ts-flipster-title\">#11: ENDLICH mal \u00fcber Grat - das erste mal auf \u00fcber 3000m do gfreit er si, da Bua! &#x1f601;\n<\/div><\/div><\/li><li class=\"krautgrid-item kraut-lightbox-image \" data-category=\"\" style=\"max-width: 450px;\"><a id=\"krautgroup4896220-3\" href=\"https:\/\/www.xalps.com\/lex\/wp-content\/uploads\/2022\/07\/220719_Stoder251_Lex_09.jpg\" target=\"_blank\" data-thumbnail=\"https:\/\/www.xalps.com\/lex\/wp-content\/uploads\/2022\/07\/220719_Stoder251_Lex_09-300x128.jpg\" data-title=\"#14: Nicht mal am Bischling fand ich was - weder Steigen noch Piloten - gibts' doch gar nicht!?! Also nix wie schnurstracks weiter zum Wasserturm jenseits von Bischofshofen... (etwas links der Bildmitte auf dem bewaldeten H\u00fcgel)\" class=\"kraut-lightbox-media ts-hover-image krautgroup4896220 nofancybox\" rel=\"krautgroup4896220\" data-effect=\"random\" data-nohashes=\"true\" data-usecors=\"global\" data-save=\"0\" data-share=\"0\"><\/a><div id=\"krautgroup4896220-3-parent\" class=\"krautgroup4896220-parent  ts-flipster-tile\"><img decoding=\"async\" src=\"https:\/\/www.xalps.com\/lex\/wp-content\/uploads\/2022\/07\/220719_Stoder251_Lex_09-300x128.jpg\" alt=\"220719_Stoder251_Lex_09-300x128\" loading=\"eager\" data-no-lazy=\"1\"><div class=\"ts-flipster-title\">#14: Nicht mal am Bischling fand ich was - weder Steigen noch Piloten - gibts' doch gar nicht!?! Also nix wie schnurstracks weiter zum Wasserturm jenseits von Bischofshofen... (etwas links der Bildmitte auf dem bewaldeten H\u00fcgel)<\/div><\/div><\/li><li class=\"krautgrid-item kraut-lightbox-image \" data-category=\"\" style=\"max-width: 450px;\"><a id=\"krautgroup4896220-4\" href=\"https:\/\/www.xalps.com\/lex\/wp-content\/uploads\/2022\/07\/220719_Stoder251_Lex_15.jpg\" target=\"_blank\" data-thumbnail=\"https:\/\/www.xalps.com\/lex\/wp-content\/uploads\/2022\/07\/220719_Stoder251_Lex_15-300x118.jpg\" data-title=\"#20: Und so sah's weiter vorne im Norden aus - noch immer alles blau. Die B\u00e4rte wurden zwar zusehends besser, aber dennoch das noch immer faszinierende Ratespiel: wo ist die beste Linie, wo steht der beste Bart? Ist man allein in der Luft, ist das ja immer schwer zu sagen...\" class=\"kraut-lightbox-media ts-hover-image krautgroup4896220 nofancybox\" rel=\"krautgroup4896220\" data-effect=\"random\" data-nohashes=\"true\" data-usecors=\"global\" data-save=\"0\" data-share=\"0\"><\/a><div id=\"krautgroup4896220-4-parent\" class=\"krautgroup4896220-parent  ts-flipster-tile\"><img decoding=\"async\" src=\"https:\/\/www.xalps.com\/lex\/wp-content\/uploads\/2022\/07\/220719_Stoder251_Lex_15-300x118.jpg\" alt=\"220719_Stoder251_Lex_15-300x118\" loading=\"eager\" data-no-lazy=\"1\"><div class=\"ts-flipster-title\">#20: Und so sah's weiter vorne im Norden aus - noch immer alles blau. Die B\u00e4rte wurden zwar zusehends besser, aber dennoch das noch immer faszinierende Ratespiel: wo ist die beste Linie, wo steht der beste Bart? Ist man allein in der Luft, ist das ja immer schwer zu sagen...<\/div><\/div><\/li><li class=\"krautgrid-item kraut-lightbox-image \" data-category=\"\" style=\"max-width: 450px;\"><a id=\"krautgroup4896220-5\" href=\"https:\/\/www.xalps.com\/lex\/wp-content\/uploads\/2022\/07\/220719_Stoder251_Lex_33.jpg\" target=\"_blank\" data-thumbnail=\"https:\/\/www.xalps.com\/lex\/wp-content\/uploads\/2022\/07\/220719_Stoder251_Lex_33-300x225.jpg\" data-title=\"#38: \"A bissl H\u00f6he mach ma noch, bevor wir den gut gekennzeichneten Weg den Grat entlang antreten\". Nur allzu oft hatte es direkt am Grat schon eine Ost-\u00dcbersp\u00fclung parat...\" class=\"kraut-lightbox-media ts-hover-image krautgroup4896220 nofancybox\" rel=\"krautgroup4896220\" data-effect=\"random\" data-nohashes=\"true\" data-usecors=\"global\" data-save=\"0\" data-share=\"0\"><\/a><div id=\"krautgroup4896220-5-parent\" class=\"krautgroup4896220-parent  ts-flipster-tile\"><img decoding=\"async\" src=\"https:\/\/www.xalps.com\/lex\/wp-content\/uploads\/2022\/07\/220719_Stoder251_Lex_33-300x225.jpg\" alt=\"220719_Stoder251_Lex_33-300x225\" loading=\"eager\" data-no-lazy=\"1\"><div class=\"ts-flipster-title\">#38: \"A bissl H\u00f6he mach ma noch, bevor wir den gut gekennzeichneten Weg den Grat entlang antreten\". Nur allzu oft hatte es direkt am Grat schon eine Ost-\u00dcbersp\u00fclung parat...<\/div><\/div><\/li><li class=\"krautgrid-item kraut-lightbox-image \" data-category=\"\" style=\"max-width: 450px;\"><a id=\"krautgroup4896220-6\" href=\"https:\/\/www.xalps.com\/lex\/wp-content\/uploads\/2022\/07\/220719_Stoder251_Lex_37.jpg\" target=\"_blank\" data-thumbnail=\"https:\/\/www.xalps.com\/lex\/wp-content\/uploads\/2022\/07\/220719_Stoder251_Lex_37-300x88.jpg\" data-title=\"#42: Um 16:40 Uhr war es dann so weit. Die Entscheidung stand an, ob wir Richtung S\u00fcden stechen oder nicht. F\u00fc mich war klar: Ich hatte schon so oft abgedreht, ich muss es heute probieren! So aper wie es heuer ist muss es mit der Heimreise einfach funktioneiren!\" So schnappten wir uns noch das Bummerl links...\" class=\"kraut-lightbox-media ts-hover-image krautgroup4896220 nofancybox\" rel=\"krautgroup4896220\" data-effect=\"random\" data-nohashes=\"true\" data-usecors=\"global\" data-save=\"0\" data-share=\"0\"><\/a><div id=\"krautgroup4896220-6-parent\" class=\"krautgroup4896220-parent  ts-flipster-tile\"><img decoding=\"async\" src=\"https:\/\/www.xalps.com\/lex\/wp-content\/uploads\/2022\/07\/220719_Stoder251_Lex_37-300x88.jpg\" alt=\"220719_Stoder251_Lex_37-300x88\" loading=\"eager\" data-no-lazy=\"1\"><div class=\"ts-flipster-title\">#42: Um 16:40 Uhr war es dann so weit. Die Entscheidung stand an, ob wir Richtung S\u00fcden stechen oder nicht. F\u00fc mich war klar: Ich hatte schon so oft abgedreht, ich muss es heute probieren! So aper wie es heuer ist muss es mit der Heimreise einfach funktioneiren!\" So schnappten wir uns noch das Bummerl links...<\/div><\/div><\/li><li class=\"krautgrid-item kraut-lightbox-image \" data-category=\"\" style=\"max-width: 450px;\"><a id=\"krautgroup4896220-7\" href=\"https:\/\/www.xalps.com\/lex\/wp-content\/uploads\/2022\/07\/220719_Stoder251_Lex_51.jpg\" target=\"_blank\" data-thumbnail=\"https:\/\/www.xalps.com\/lex\/wp-content\/uploads\/2022\/07\/220719_Stoder251_Lex_51-300x200.jpg\" data-title=\"#55: In H\u00fcttschlag traf ich auf Mojo-Vereinskollegen Michael Kainradl...\" class=\"kraut-lightbox-media ts-hover-image krautgroup4896220 nofancybox\" rel=\"krautgroup4896220\" data-effect=\"random\" data-nohashes=\"true\" data-usecors=\"global\" data-save=\"0\" data-share=\"0\"><\/a><div id=\"krautgroup4896220-7-parent\" class=\"krautgroup4896220-parent  ts-flipster-tile\"><img decoding=\"async\" src=\"https:\/\/www.xalps.com\/lex\/wp-content\/uploads\/2022\/07\/220719_Stoder251_Lex_51-300x200.jpg\" alt=\"220719_Stoder251_Lex_51-300x200\" loading=\"eager\" data-no-lazy=\"1\"><div class=\"ts-flipster-title\">#55: In H\u00fcttschlag traf ich auf Mojo-Vereinskollegen Michael Kainradl...<\/div><\/div><\/li><li class=\"krautgrid-item kraut-lightbox-image \" data-category=\"\" style=\"max-width: 450px;\"><a id=\"krautgroup4896220-8\" href=\"https:\/\/www.xalps.com\/lex\/wp-content\/uploads\/2022\/07\/220719_Stoder251_Lex_87.jpg\" target=\"_blank\" data-thumbnail=\"https:\/\/www.xalps.com\/lex\/wp-content\/uploads\/2022\/07\/220719_Stoder251_Lex_87-218x300.jpg\" data-title=\"#88: Gerald Gold mit Airdesign Volt 4\" class=\"kraut-lightbox-media ts-hover-image krautgroup4896220 nofancybox\" rel=\"krautgroup4896220\" data-effect=\"random\" data-nohashes=\"true\" data-usecors=\"global\" data-save=\"0\" data-share=\"0\"><\/a><div id=\"krautgroup4896220-8-parent\" class=\"krautgroup4896220-parent  ts-flipster-tile\"><img decoding=\"async\" src=\"https:\/\/www.xalps.com\/lex\/wp-content\/uploads\/2022\/07\/220719_Stoder251_Lex_87-218x300.jpg\" alt=\"220719_Stoder251_Lex_87-218x300\" loading=\"eager\" data-no-lazy=\"1\"><div class=\"ts-flipster-title\">#88: Gerald Gold mit Airdesign Volt 4<\/div><\/div><\/li><li class=\"krautgrid-item kraut-lightbox-image \" data-category=\"\" style=\"max-width: 450px;\"><a id=\"krautgroup4896220-9\" href=\"https:\/\/www.xalps.com\/lex\/wp-content\/uploads\/2022\/07\/220719_Stoder251_Lex_86.jpg\" target=\"_blank\" data-thumbnail=\"https:\/\/www.xalps.com\/lex\/wp-content\/uploads\/2022\/07\/220719_Stoder251_Lex_86-193x300.jpg\" data-title=\"#87: Gerald Gold mit Airdesign Volt 4\" class=\"kraut-lightbox-media ts-hover-image krautgroup4896220 nofancybox\" rel=\"krautgroup4896220\" data-effect=\"random\" data-nohashes=\"true\" data-usecors=\"global\" data-save=\"0\" data-share=\"0\"><\/a><div id=\"krautgroup4896220-9-parent\" class=\"krautgroup4896220-parent  ts-flipster-tile\"><img decoding=\"async\" src=\"https:\/\/www.xalps.com\/lex\/wp-content\/uploads\/2022\/07\/220719_Stoder251_Lex_86-193x300.jpg\" alt=\"220719_Stoder251_Lex_86-193x300\" loading=\"eager\" data-no-lazy=\"1\"><div class=\"ts-flipster-title\">#87: Gerald Gold mit Airdesign Volt 4<\/div><\/div><\/li><li class=\"krautgrid-item kraut-lightbox-image \" data-category=\"\" style=\"max-width: 450px;\"><a id=\"krautgroup4896220-10\" href=\"https:\/\/www.xalps.com\/lex\/wp-content\/uploads\/2022\/07\/220719_Stoder251_Lex_89.jpg\" target=\"_blank\" data-thumbnail=\"https:\/\/www.xalps.com\/lex\/wp-content\/uploads\/2022\/07\/220719_Stoder251_Lex_89-300x181.jpg\" data-title=\"#89: Gerald Gold mit Airdesign Volt 4\" class=\"kraut-lightbox-media ts-hover-image krautgroup4896220 nofancybox\" rel=\"krautgroup4896220\" data-effect=\"random\" data-nohashes=\"true\" data-usecors=\"global\" data-save=\"0\" data-share=\"0\"><\/a><div id=\"krautgroup4896220-10-parent\" class=\"krautgroup4896220-parent  ts-flipster-tile\"><img decoding=\"async\" src=\"https:\/\/www.xalps.com\/lex\/wp-content\/uploads\/2022\/07\/220719_Stoder251_Lex_89-300x181.jpg\" alt=\"220719_Stoder251_Lex_89-300x181\" loading=\"eager\" data-no-lazy=\"1\"><div class=\"ts-flipster-title\">#89: Gerald Gold mit Airdesign Volt 4<\/div><\/div><\/li><li class=\"krautgrid-item kraut-lightbox-image \" data-category=\"\" style=\"max-width: 450px;\"><a id=\"krautgroup4896220-11\" href=\"https:\/\/www.xalps.com\/lex\/wp-content\/uploads\/2022\/07\/220719_Stoder251_Lex_89c.jpg\" target=\"_blank\" data-thumbnail=\"https:\/\/www.xalps.com\/lex\/wp-content\/uploads\/2022\/07\/220719_Stoder251_Lex_89c-300x220.jpg\" data-title=\"#92:  Um 19:15 Uhr \u00fcber Untertauern: Es zog noch ordentlich an\nFoto: Gerald Gold\" class=\"kraut-lightbox-media ts-hover-image krautgroup4896220 nofancybox\" rel=\"krautgroup4896220\" data-effect=\"random\" data-nohashes=\"true\" data-usecors=\"global\" data-save=\"0\" data-share=\"0\"><\/a><div id=\"krautgroup4896220-11-parent\" class=\"krautgroup4896220-parent  ts-flipster-tile\"><img decoding=\"async\" src=\"https:\/\/www.xalps.com\/lex\/wp-content\/uploads\/2022\/07\/220719_Stoder251_Lex_89c-300x220.jpg\" alt=\"220719_Stoder251_Lex_89c-300x220\" loading=\"eager\" data-no-lazy=\"1\"><div class=\"ts-flipster-title\">#92:  Um 19:15 Uhr \u00fcber Untertauern: Es zog noch ordentlich an\nFoto: Gerald Gold<\/div><\/div><\/li><li class=\"krautgrid-item kraut-lightbox-image \" data-category=\"\" style=\"max-width: 450px;\"><a id=\"krautgroup4896220-12\" href=\"https:\/\/www.xalps.com\/lex\/wp-content\/uploads\/2022\/07\/220719_Stoder251_Lex_94.jpg\" target=\"_blank\" data-thumbnail=\"https:\/\/www.xalps.com\/lex\/wp-content\/uploads\/2022\/07\/220719_Stoder251_Lex_94-300x111.jpg\" data-title=\"#97: Am Steinkarzinken haben wir trotz guter Sonneneinstrahlugn nichts Nennenswertes mehr gefunden und sich gleich weiter Richtung H\u00f6chstein geflogen\" class=\"kraut-lightbox-media ts-hover-image krautgroup4896220 nofancybox\" rel=\"krautgroup4896220\" data-effect=\"random\" data-nohashes=\"true\" data-usecors=\"global\" data-save=\"0\" data-share=\"0\"><\/a><div id=\"krautgroup4896220-12-parent\" class=\"krautgroup4896220-parent  ts-flipster-tile\"><img decoding=\"async\" src=\"https:\/\/www.xalps.com\/lex\/wp-content\/uploads\/2022\/07\/220719_Stoder251_Lex_94-300x111.jpg\" alt=\"220719_Stoder251_Lex_94-300x111\" loading=\"eager\" data-no-lazy=\"1\"><div class=\"ts-flipster-title\">#97: Am Steinkarzinken haben wir trotz guter Sonneneinstrahlugn nichts Nennenswertes mehr gefunden und sich gleich weiter Richtung H\u00f6chstein geflogen<\/div><\/div><\/li><li class=\"krautgrid-item kraut-lightbox-image \" data-category=\"\" style=\"max-width: 450px;\"><a id=\"krautgroup4896220-13\" href=\"https:\/\/www.xalps.com\/lex\/wp-content\/uploads\/2022\/07\/220719_Stoder251_Lex_99b.jpg\" target=\"_blank\" data-thumbnail=\"https:\/\/www.xalps.com\/lex\/wp-content\/uploads\/2022\/07\/220719_Stoder251_Lex_99b-300x212.jpg\" data-title=\"#103: Wo mich Top-Liganewcomer Mat\u00e9 Szomiak voller Enthusiasmus empfangen hatte - schlie\u00dflich war es mit 215km FAI auch sein neues Personal Best...\n\nDas war 2022 - weiter sollte es in diesem Jahr vom Stoder aus nicht gehen...\nEs war mir trotzdem eine Ehre&#x1f64f;\" class=\"kraut-lightbox-media ts-hover-image krautgroup4896220 nofancybox\" rel=\"krautgroup4896220\" data-effect=\"random\" data-usecors=\"global\" data-save=\"0\" data-share=\"0\" data-play=\"1\" data-play=\"1\" data-autoplay=\"0\" data-duration=\"5000\" data-thumbsize=\"120\" data-thumbs=\"bottom\"  data-nohashes=\"true\"><\/a><div id=\"krautgroup4896220-13-parent\" class=\"krautgroup4896220-parent  ts-flipster-tile\"><img decoding=\"async\" src=\"https:\/\/www.xalps.com\/lex\/wp-content\/uploads\/2022\/07\/220719_Stoder251_Lex_99b-300x212.jpg\" alt=\"220719_Stoder251_Lex_99b-300x212\" loading=\"eager\" data-no-lazy=\"1\"><div class=\"ts-flipster-title\">#103: Wo mich Top-Liganewcomer Mat\u00e9 Szomiak voller Enthusiasmus empfangen hatte - schlie\u00dflich war es mit 215km FAI auch sein neues Personal Best...\n\nDas war 2022 - weiter sollte es in diesem Jahr vom Stoder aus nicht gehen...\nEs war mir trotzdem eine Ehre&#x1f64f;<\/div><\/div><\/li><\/ul><\/div><\/div><\/div><\/div><\/div><\/div><\/div><div class=\"vc_row wpb_row vc_row-fluid\"><div class=\"wpb_column vc_column_container vc_col-sm-12\"><div class=\"vc_column-inner\"><div class=\"wpb_wrapper\"><div id=\"ts-advanced-textblock-container-3614182\" class=\"ts-advanced-textblock-container    \" data-viewport-class=\"ts-infinite-css-\" data-viewport-offset=\"bottom-in-view\" data-viewport-delay=\"0\" data-viewport-opacity=\"1\" data-viewport-mobile=\"false\" data-shadow-active=\"false\" data-shadow-class=\"\"  data-height-type=\"auto\" data-height-fixed=\"200\" data-height-minimum=\"200\" data-height-maximum=\"200\"><div id=\"ts-advanced-textblock-content-3614182\" class=\"ts-advanced-textblock-content\" data-scroll-nice=\"false\" data-scroll-color=\"#cacaca\" data-scroll-background=\"#ededed\" data-scroll-init=\"false\">Vielen Dank an meine Unterst\u00fctzer, ohne deren Support diese Leistungen nicht m\u00f6glich w\u00e4ren: <a href=\"http:\/\/www.business-insights.consulting\" target=\"_blank\" rel=\"noopener noreferrer\">business-insights.consulting<\/a>, <a class=\"profileLink\" href=\"http:\/\/www.naviter.com\" target=\"_blank\" rel=\"noopener noreferrer\" data-hovercard=\"\/ajax\/hovercard\/page.php?id=63216395347&amp;extragetparams=%7B%22fref%22%3A%22mentions%22%7D\" data-hovercard-prefer-more-content-show=\"1\">Naviter<\/a>,\u00a0<a class=\"profileLink\" href=\"https:\/\/www.injoy-liezen.at\/\" target=\"_blank\" rel=\"noopener noreferrer\" data-hovercard=\"\/ajax\/hovercard\/page.php?id=321866274578188&amp;extragetparams=%7B%22fref%22%3A%22mentions%22%7D\" data-hovercard-prefer-more-content-show=\"1\">Injoy Liezen<\/a>, <a class=\"profileLink\" href=\"http:\/\/www.airsthetik.at\" target=\"_blank\" rel=\"noopener noreferrer\" data-hovercard=\"\/ajax\/hovercard\/page.php?id=197569791049&amp;extragetparams=%7B%22fref%22%3A%22mentions%22%7D\" data-hovercard-prefer-more-content-show=\"1\">Airsthetik<\/a>\u00a0und <a href=\"http:\/\/www.flywear.at\" target=\"_blank\" rel=\"noopener noreferrer\">Flywear<\/a>.<\/div><\/div><\/div><\/div><\/div><\/div>\n<\/div>","protected":false},"excerpt":{"rendered":"Was f\u00fcr ein schwaches XC-Jahr bislang an der Alpen-Nordseite. Obwohl mir bewusst war, dass ich an der Alpen-S\u00fcdseite einen Hammertag in deutlich besserer Luftmasse liegen lasse (Forecast: Basis an die 4000m und wenig Wind) konnte ich nicht anders, als meinem Stoderzinken den Vorzug zu geben. Trotz meiner \"Warnung\" in den diversen Kan\u00e4len, dass es auf [...]","protected":false},"author":4,"featured_media":11410,"comment_status":"open","ping_status":"closed","sticky":false,"template":"","format":"image","meta":{"footnotes":""},"categories":[7,3],"tags":[],"class_list":["post-11471","post","type-post","status-publish","format-image","has-post-thumbnail","hentry","category-leistungen","category-news","post_format-post-format-image"],"yoast_head":"<!-- This site is optimized with the Yoast SEO plugin v27.1.1 - https:\/\/yoast.com\/product\/yoast-seo-wordpress\/ -->\n<title>Weitester Stoderzinkenflug 2022: 252km trotz stabiler Bedingungen - Paragliding Homebase of Lex Rob\u00e9<\/title>\n<meta name=\"description\" content=\"Ich blicke zur\u00fcck auf eine nicht nur COVID-19-bedingt durchwachsene Streckenflugsaison. Gerade deswegen bin ich super-happy, dass es heuer wieder mit einem Podiumsplatz in der XC-Staatsmeisterschaft geklappt hat\" \/>\n<meta name=\"robots\" content=\"index, follow, max-snippet:-1, max-image-preview:large, max-video-preview:-1\" \/>\n<link rel=\"canonical\" href=\"https:\/\/www.xalps.com\/lex\/stoderzinken_2022\/\" \/>\n<meta property=\"og:locale\" content=\"de_DE\" \/>\n<meta property=\"og:type\" content=\"article\" \/>\n<meta property=\"og:title\" content=\"Weitester Stoderzinkenflug 2022: 252km trotz stabiler Bedingungen - Paragliding Homebase of Lex Rob\u00e9\" \/>\n<meta property=\"og:description\" content=\"Ich blicke zur\u00fcck auf eine nicht nur COVID-19-bedingt durchwachsene Streckenflugsaison. Gerade deswegen bin ich super-happy, dass es heuer wieder mit einem Podiumsplatz in der XC-Staatsmeisterschaft geklappt hat\" \/>\n<meta property=\"og:url\" content=\"https:\/\/www.xalps.com\/lex\/stoderzinken_2022\/\" \/>\n<meta property=\"og:site_name\" content=\"Paragliding Homebase of Lex Rob\u00e9\" \/>\n<meta property=\"article:publisher\" content=\"https:\/\/www.facebook.com\/lexrobe\" \/>\n<meta property=\"article:published_time\" content=\"2022-07-24T05:51:56+00:00\" \/>\n<meta property=\"article:modified_time\" content=\"2022-11-12T07:10:55+00:00\" \/>\n<meta property=\"og:image\" content=\"https:\/\/www.xalps.com\/lex\/wp-content\/uploads\/2022\/07\/220719_Stoder251_Lex_89c.jpg\" \/>\n\t<meta property=\"og:image:width\" content=\"2000\" \/>\n\t<meta property=\"og:image:height\" content=\"1464\" \/>\n\t<meta property=\"og:image:type\" content=\"image\/jpeg\" \/>\n<meta name=\"author\" content=\"Lex Rob\u00e9\" \/>\n<meta name=\"twitter:card\" content=\"summary_large_image\" \/>\n<meta name=\"twitter:label1\" content=\"Verfasst von\" \/>\n\t<meta name=\"twitter:data1\" content=\"Lex Rob\u00e9\" \/>\n\t<meta name=\"twitter:label2\" content=\"Gesch\u00e4tzte Lesezeit\" \/>\n\t<meta name=\"twitter:data2\" content=\"2\u00a0Minuten\" \/>\n<script type=\"application\/ld+json\" class=\"yoast-schema-graph\">{\"@context\":\"https:\/\/schema.org\",\"@graph\":[{\"@type\":\"Article\",\"@id\":\"https:\/\/www.xalps.com\/lex\/stoderzinken_2022\/#article\",\"isPartOf\":{\"@id\":\"https:\/\/www.xalps.com\/lex\/stoderzinken_2022\/\"},\"author\":{\"name\":\"Lex Rob\u00e9\",\"@id\":\"https:\/\/www.xalps.com\/lex\/#\/schema\/person\/c1ae55ddf87291c63b22603850664e39\"},\"headline\":\"Weitester Stoderzinkenflug 2022: 252km trotz stabiler Bedingungen\",\"datePublished\":\"2022-07-24T05:51:56+00:00\",\"dateModified\":\"2022-11-12T07:10:55+00:00\",\"mainEntityOfPage\":{\"@id\":\"https:\/\/www.xalps.com\/lex\/stoderzinken_2022\/\"},\"wordCount\":407,\"commentCount\":0,\"image\":{\"@id\":\"https:\/\/www.xalps.com\/lex\/stoderzinken_2022\/#primaryimage\"},\"thumbnailUrl\":\"https:\/\/www.xalps.com\/lex\/wp-content\/uploads\/2022\/07\/220719_Stoder251_Lex_89c.jpg\",\"articleSection\":[\"Leistungen\",\"News\"],\"inLanguage\":\"de\",\"potentialAction\":[{\"@type\":\"CommentAction\",\"name\":\"Comment\",\"target\":[\"https:\/\/www.xalps.com\/lex\/stoderzinken_2022\/#respond\"]}]},{\"@type\":\"WebPage\",\"@id\":\"https:\/\/www.xalps.com\/lex\/stoderzinken_2022\/\",\"url\":\"https:\/\/www.xalps.com\/lex\/stoderzinken_2022\/\",\"name\":\"Weitester Stoderzinkenflug 2022: 252km trotz stabiler Bedingungen - Paragliding Homebase of Lex Rob\u00e9\",\"isPartOf\":{\"@id\":\"https:\/\/www.xalps.com\/lex\/#website\"},\"primaryImageOfPage\":{\"@id\":\"https:\/\/www.xalps.com\/lex\/stoderzinken_2022\/#primaryimage\"},\"image\":{\"@id\":\"https:\/\/www.xalps.com\/lex\/stoderzinken_2022\/#primaryimage\"},\"thumbnailUrl\":\"https:\/\/www.xalps.com\/lex\/wp-content\/uploads\/2022\/07\/220719_Stoder251_Lex_89c.jpg\",\"datePublished\":\"2022-07-24T05:51:56+00:00\",\"dateModified\":\"2022-11-12T07:10:55+00:00\",\"author\":{\"@id\":\"https:\/\/www.xalps.com\/lex\/#\/schema\/person\/c1ae55ddf87291c63b22603850664e39\"},\"description\":\"Ich blicke zur\u00fcck auf eine nicht nur COVID-19-bedingt durchwachsene Streckenflugsaison. Gerade deswegen bin ich super-happy, dass es heuer wieder mit einem Podiumsplatz in der XC-Staatsmeisterschaft geklappt hat\",\"breadcrumb\":{\"@id\":\"https:\/\/www.xalps.com\/lex\/stoderzinken_2022\/#breadcrumb\"},\"inLanguage\":\"de\",\"potentialAction\":[{\"@type\":\"ReadAction\",\"target\":[\"https:\/\/www.xalps.com\/lex\/stoderzinken_2022\/\"]}]},{\"@type\":\"ImageObject\",\"inLanguage\":\"de\",\"@id\":\"https:\/\/www.xalps.com\/lex\/stoderzinken_2022\/#primaryimage\",\"url\":\"https:\/\/www.xalps.com\/lex\/wp-content\/uploads\/2022\/07\/220719_Stoder251_Lex_89c.jpg\",\"contentUrl\":\"https:\/\/www.xalps.com\/lex\/wp-content\/uploads\/2022\/07\/220719_Stoder251_Lex_89c.jpg\",\"width\":2000,\"height\":1464,\"caption\":\"#92: Um 19:15 Uhr \u00fcber Untertauern: Es zog noch ordentlich an Foto: Gerald Gold\"},{\"@type\":\"BreadcrumbList\",\"@id\":\"https:\/\/www.xalps.com\/lex\/stoderzinken_2022\/#breadcrumb\",\"itemListElement\":[{\"@type\":\"ListItem\",\"position\":1,\"name\":\"Startseite\",\"item\":\"https:\/\/www.xalps.com\/lex\/\"},{\"@type\":\"ListItem\",\"position\":2,\"name\":\"Weitester Stoderzinkenflug 2022: 252km trotz stabiler Bedingungen\"}]},{\"@type\":\"WebSite\",\"@id\":\"https:\/\/www.xalps.com\/lex\/#website\",\"url\":\"https:\/\/www.xalps.com\/lex\/\",\"name\":\"Paragliding Homebase of Lex Rob\u00e9\",\"description\":\"Welcome to the world of my wings!\",\"potentialAction\":[{\"@type\":\"SearchAction\",\"target\":{\"@type\":\"EntryPoint\",\"urlTemplate\":\"https:\/\/www.xalps.com\/lex\/?s={search_term_string}\"},\"query-input\":{\"@type\":\"PropertyValueSpecification\",\"valueRequired\":true,\"valueName\":\"search_term_string\"}}],\"inLanguage\":\"de\"},{\"@type\":\"Person\",\"@id\":\"https:\/\/www.xalps.com\/lex\/#\/schema\/person\/c1ae55ddf87291c63b22603850664e39\",\"name\":\"Lex Rob\u00e9\",\"image\":{\"@type\":\"ImageObject\",\"inLanguage\":\"de\",\"@id\":\"https:\/\/www.xalps.com\/lex\/#\/schema\/person\/image\/\",\"url\":\"https:\/\/secure.gravatar.com\/avatar\/ba8fce7f9b3390ccd61c810d44eb874e37ce626cc920ab5c79460d3e59b99933?s=96&d=mm&r=r\",\"contentUrl\":\"https:\/\/secure.gravatar.com\/avatar\/ba8fce7f9b3390ccd61c810d44eb874e37ce626cc920ab5c79460d3e59b99933?s=96&d=mm&r=r\",\"caption\":\"Lex Rob\u00e9\"},\"sameAs\":[\"http:\/\/lex.xalps.com\"]}]}<\/script>\n<!-- \/ Yoast SEO plugin. -->","yoast_head_json":{"title":"Weitester Stoderzinkenflug 2022: 252km trotz stabiler Bedingungen - Paragliding Homebase of Lex Rob\u00e9","description":"Ich blicke zur\u00fcck auf eine nicht nur COVID-19-bedingt durchwachsene Streckenflugsaison. Gerade deswegen bin ich super-happy, dass es heuer wieder mit einem Podiumsplatz in der XC-Staatsmeisterschaft geklappt hat","robots":{"index":"index","follow":"follow","max-snippet":"max-snippet:-1","max-image-preview":"max-image-preview:large","max-video-preview":"max-video-preview:-1"},"canonical":"https:\/\/www.xalps.com\/lex\/stoderzinken_2022\/","og_locale":"de_DE","og_type":"article","og_title":"Weitester Stoderzinkenflug 2022: 252km trotz stabiler Bedingungen - Paragliding Homebase of Lex Rob\u00e9","og_description":"Ich blicke zur\u00fcck auf eine nicht nur COVID-19-bedingt durchwachsene Streckenflugsaison. Gerade deswegen bin ich super-happy, dass es heuer wieder mit einem Podiumsplatz in der XC-Staatsmeisterschaft geklappt hat","og_url":"https:\/\/www.xalps.com\/lex\/stoderzinken_2022\/","og_site_name":"Paragliding Homebase of Lex Rob\u00e9","article_publisher":"https:\/\/www.facebook.com\/lexrobe","article_published_time":"2022-07-24T05:51:56+00:00","article_modified_time":"2022-11-12T07:10:55+00:00","og_image":[{"width":2000,"height":1464,"url":"https:\/\/www.xalps.com\/lex\/wp-content\/uploads\/2022\/07\/220719_Stoder251_Lex_89c.jpg","type":"image\/jpeg"}],"author":"Lex Rob\u00e9","twitter_card":"summary_large_image","twitter_misc":{"Verfasst von":"Lex Rob\u00e9","Gesch\u00e4tzte Lesezeit":"2\u00a0Minuten"},"schema":{"@context":"https:\/\/schema.org","@graph":[{"@type":"Article","@id":"https:\/\/www.xalps.com\/lex\/stoderzinken_2022\/#article","isPartOf":{"@id":"https:\/\/www.xalps.com\/lex\/stoderzinken_2022\/"},"author":{"name":"Lex Rob\u00e9","@id":"https:\/\/www.xalps.com\/lex\/#\/schema\/person\/c1ae55ddf87291c63b22603850664e39"},"headline":"Weitester Stoderzinkenflug 2022: 252km trotz stabiler Bedingungen","datePublished":"2022-07-24T05:51:56+00:00","dateModified":"2022-11-12T07:10:55+00:00","mainEntityOfPage":{"@id":"https:\/\/www.xalps.com\/lex\/stoderzinken_2022\/"},"wordCount":407,"commentCount":0,"image":{"@id":"https:\/\/www.xalps.com\/lex\/stoderzinken_2022\/#primaryimage"},"thumbnailUrl":"https:\/\/www.xalps.com\/lex\/wp-content\/uploads\/2022\/07\/220719_Stoder251_Lex_89c.jpg","articleSection":["Leistungen","News"],"inLanguage":"de","potentialAction":[{"@type":"CommentAction","name":"Comment","target":["https:\/\/www.xalps.com\/lex\/stoderzinken_2022\/#respond"]}]},{"@type":"WebPage","@id":"https:\/\/www.xalps.com\/lex\/stoderzinken_2022\/","url":"https:\/\/www.xalps.com\/lex\/stoderzinken_2022\/","name":"Weitester Stoderzinkenflug 2022: 252km trotz stabiler Bedingungen - Paragliding Homebase of Lex Rob\u00e9","isPartOf":{"@id":"https:\/\/www.xalps.com\/lex\/#website"},"primaryImageOfPage":{"@id":"https:\/\/www.xalps.com\/lex\/stoderzinken_2022\/#primaryimage"},"image":{"@id":"https:\/\/www.xalps.com\/lex\/stoderzinken_2022\/#primaryimage"},"thumbnailUrl":"https:\/\/www.xalps.com\/lex\/wp-content\/uploads\/2022\/07\/220719_Stoder251_Lex_89c.jpg","datePublished":"2022-07-24T05:51:56+00:00","dateModified":"2022-11-12T07:10:55+00:00","author":{"@id":"https:\/\/www.xalps.com\/lex\/#\/schema\/person\/c1ae55ddf87291c63b22603850664e39"},"description":"Ich blicke zur\u00fcck auf eine nicht nur COVID-19-bedingt durchwachsene Streckenflugsaison. Gerade deswegen bin ich super-happy, dass es heuer wieder mit einem Podiumsplatz in der XC-Staatsmeisterschaft geklappt hat","breadcrumb":{"@id":"https:\/\/www.xalps.com\/lex\/stoderzinken_2022\/#breadcrumb"},"inLanguage":"de","potentialAction":[{"@type":"ReadAction","target":["https:\/\/www.xalps.com\/lex\/stoderzinken_2022\/"]}]},{"@type":"ImageObject","inLanguage":"de","@id":"https:\/\/www.xalps.com\/lex\/stoderzinken_2022\/#primaryimage","url":"https:\/\/www.xalps.com\/lex\/wp-content\/uploads\/2022\/07\/220719_Stoder251_Lex_89c.jpg","contentUrl":"https:\/\/www.xalps.com\/lex\/wp-content\/uploads\/2022\/07\/220719_Stoder251_Lex_89c.jpg","width":2000,"height":1464,"caption":"#92: Um 19:15 Uhr \u00fcber Untertauern: Es zog noch ordentlich an Foto: Gerald Gold"},{"@type":"BreadcrumbList","@id":"https:\/\/www.xalps.com\/lex\/stoderzinken_2022\/#breadcrumb","itemListElement":[{"@type":"ListItem","position":1,"name":"Startseite","item":"https:\/\/www.xalps.com\/lex\/"},{"@type":"ListItem","position":2,"name":"Weitester Stoderzinkenflug 2022: 252km trotz stabiler Bedingungen"}]},{"@type":"WebSite","@id":"https:\/\/www.xalps.com\/lex\/#website","url":"https:\/\/www.xalps.com\/lex\/","name":"Paragliding Homebase of Lex Rob\u00e9","description":"Welcome to the world of my wings!","potentialAction":[{"@type":"SearchAction","target":{"@type":"EntryPoint","urlTemplate":"https:\/\/www.xalps.com\/lex\/?s={search_term_string}"},"query-input":{"@type":"PropertyValueSpecification","valueRequired":true,"valueName":"search_term_string"}}],"inLanguage":"de"},{"@type":"Person","@id":"https:\/\/www.xalps.com\/lex\/#\/schema\/person\/c1ae55ddf87291c63b22603850664e39","name":"Lex Rob\u00e9","image":{"@type":"ImageObject","inLanguage":"de","@id":"https:\/\/www.xalps.com\/lex\/#\/schema\/person\/image\/","url":"https:\/\/secure.gravatar.com\/avatar\/ba8fce7f9b3390ccd61c810d44eb874e37ce626cc920ab5c79460d3e59b99933?s=96&d=mm&r=r","contentUrl":"https:\/\/secure.gravatar.com\/avatar\/ba8fce7f9b3390ccd61c810d44eb874e37ce626cc920ab5c79460d3e59b99933?s=96&d=mm&r=r","caption":"Lex Rob\u00e9"},"sameAs":["http:\/\/lex.xalps.com"]}]}},"_links":{"self":[{"href":"https:\/\/www.xalps.com\/lex\/wp-json\/wp\/v2\/posts\/11471","targetHints":{"allow":["GET"]}}],"collection":[{"href":"https:\/\/www.xalps.com\/lex\/wp-json\/wp\/v2\/posts"}],"about":[{"href":"https:\/\/www.xalps.com\/lex\/wp-json\/wp\/v2\/types\/post"}],"author":[{"embeddable":true,"href":"https:\/\/www.xalps.com\/lex\/wp-json\/wp\/v2\/users\/4"}],"replies":[{"embeddable":true,"href":"https:\/\/www.xalps.com\/lex\/wp-json\/wp\/v2\/comments?post=11471"}],"version-history":[{"count":1,"href":"https:\/\/www.xalps.com\/lex\/wp-json\/wp\/v2\/posts\/11471\/revisions"}],"predecessor-version":[{"id":11472,"href":"https:\/\/www.xalps.com\/lex\/wp-json\/wp\/v2\/posts\/11471\/revisions\/11472"}],"wp:featuredmedia":[{"embeddable":true,"href":"https:\/\/www.xalps.com\/lex\/wp-json\/wp\/v2\/media\/11410"}],"wp:attachment":[{"href":"https:\/\/www.xalps.com\/lex\/wp-json\/wp\/v2\/media?parent=11471"}],"wp:term":[{"taxonomy":"category","embeddable":true,"href":"https:\/\/www.xalps.com\/lex\/wp-json\/wp\/v2\/categories?post=11471"},{"taxonomy":"post_tag","embeddable":true,"href":"https:\/\/www.xalps.com\/lex\/wp-json\/wp\/v2\/tags?post=11471"}],"curies":[{"name":"wp","href":"https:\/\/api.w.org\/{rel}","templated":true}]}}